{"id":928,"date":"2009-02-25T00:00:00","date_gmt":"2009-02-25T00:00:00","guid":{"rendered":""},"modified":"2010-10-01T20:26:50","modified_gmt":"2010-10-01T20:26:50","slug":"assyrian-monastery-in-turkey-threatened","status":"publish","type":"post","link":"https:\/\/ado-world.com\/en\/assyrian-monastery-in-turkey-threatened\/","title":{"rendered":"Assyrian Monastery in Turkey Threatened"},"content":{"rendered":"<p><P style=\"LINE-HEIGHT: 108%\"><BR><SPAN lang=AR-SY style=\"FONT-SIZE: 11pt; COLOR: #800000; FONT-FAMILY: 'Varanda'\"><B>By Dikran Ego <\/B><\/SPAN><BR><BR><BR><SPAN lang=AR-SY style=\"FONT-SIZE: 11pt; COLOR: #0000ff; FONT-FAMILY: 'Varanda'\">Berlin &#8211; acsatv &#8212;<\/SPAN><SPAN lang=AR-SY style=\"FONT-SIZE: 11pt; COLOR: #000000; FONT-FAMILY: 'Varanda'\"> The harassment and intimidation against the Mar Gabriel Monastery continue and have taken a new impetus. Now the monastery staff is threatened openly in Turkey&#8217;s largest newspaper: &#8220;If the problem is not resolved, blood will be shed here&#8221; writes the newspaper H\u00fcrriyet.<BR><BR>On Friday, February 20th, an interview was published in the paper version of Turkey&#8217;s largest newspaper H\u00fcrriyet. The interview was done with Kuryakos Erg\u00fcn, who is chairman of the Mar Gabriel Monastery Foundation and Suleyman D\u00fcz, who is the village chief in the village of Eglence.<BR><BR>Click <A href=\"http:\/\/www.aina.org\/releases\/20090120141229.htm\">here<\/A> for complete coverage of the St. Gabriel Monastery case.<BR><BR>&#8220;We have inherited the land from our ancestors, we will not give it to anyone, if the court does not resolve the issue, there will be killings, there will be great events taking place here, we have lived together here in a thousand years but now they are entrusting themselves with Europe,&#8221; says Suleyman D\u00fcz, village chief in Eglence, referring to the few Assyrians who remain in the area.<BR><BR>The Foundation&#8217;s chairman of Mar Gabriel Monastery, Kuryakos Erg\u00fcn, says that the problem must be solved at the local level.<BR><BR>&#8220;We want to live like brothers with the Muslims here, the monastery has a long history which has been preserved for thousands of years, it&#8217;s an unnecessary provocation, we want to solve the problem here in Midyat, in Ankara, not in Europe,&#8221; says Kuraykos Ergun. <BR><BR>Before the eyes of the Turkish authorities and the police, now open threats have been made several times against the Mor Gabriel Monastery. So far, none of the threats has caused any legal implications. <BR><BR>Click <A href=\"http:\/\/www.turabdin.downthe.net\/pdf\/Hurriyet.pdf\">here<\/A> to read original article (Turkish) <BR><BR><BR><BR><BR><BR><BR><\/SPAN><\/P><\/p>\n","protected":false},"excerpt":{"rendered":"<p>By Dikran Ego Berlin &#8211; acsatv &#8212; The harassment and intimidation against the Mar Gabriel Monastery continue and have taken a new impetus. Now the monastery staff is threatened openly in Turkey&#8217;s largest newspaper: &#8220;If the problem is not resolved, blood will be shed here&#8221; writes the newspaper H\u00fcrriyet.On Friday, February 20th, an interview was &hellip;<\/p>\n","protected":false},"author":1,"featured_media":0,"comment_status":"open","ping_status":"open","sticky":false,"template":"","format":"standard","meta":{"footnotes":""},"categories":[2],"tags":[],"class_list":["post-928","post","type-post","status-publish","format-standard","","category-assyrian-news"],"jetpack_featured_media_url":"","_links":{"self":[{"href":"https:\/\/ado-world.com\/en\/wp-json\/wp\/v2\/posts\/928","targetHints":{"allow":["GET"]}}],"collection":[{"href":"https:\/\/ado-world.com\/en\/wp-json\/wp\/v2\/posts"}],"about":[{"href":"https:\/\/ado-world.com\/en\/wp-json\/wp\/v2\/types\/post"}],"author":[{"embeddable":true,"href":"https:\/\/ado-world.com\/en\/wp-json\/wp\/v2\/users\/1"}],"replies":[{"embeddable":true,"href":"https:\/\/ado-world.com\/en\/wp-json\/wp\/v2\/comments?post=928"}],"version-history":[{"count":0,"href":"https:\/\/ado-world.com\/en\/wp-json\/wp\/v2\/posts\/928\/revisions"}],"wp:attachment":[{"href":"https:\/\/ado-world.com\/en\/wp-json\/wp\/v2\/media?parent=928"}],"wp:term":[{"taxonomy":"category","embeddable":true,"href":"https:\/\/ado-world.com\/en\/wp-json\/wp\/v2\/categories?post=928"},{"taxonomy":"post_tag","embeddable":true,"href":"https:\/\/ado-world.com\/en\/wp-json\/wp\/v2\/tags?post=928"}],"curies":[{"name":"wp","href":"https:\/\/api.w.org\/{rel}","templated":true}]}}