{"id":907,"date":"2009-01-31T00:00:00","date_gmt":"2009-01-31T00:00:00","guid":{"rendered":""},"modified":"2010-10-01T20:26:50","modified_gmt":"2010-10-01T20:26:50","slug":"euronews-expectativa-dos-sunitas-e-cristaos-iraquianos-pt","status":"publish","type":"post","link":"https:\/\/ado-world.com\/en\/euronews-expectativa-dos-sunitas-e-cristaos-iraquianos-pt\/","title":{"rendered":"Euronews : Expectativa dos sunitas e cristaos iraquianos (PT)"},"content":{"rendered":"<p><H1 style=\"MARGIN: 12pt 0cm 3pt\"><STRONG><SPAN lang=EN-GB style=\"FONT-WEIGHT: normal; FONT-SIZE: 10pt; COLOR: black; FONT-FAMILY: Verdana; mso-ansi-language: EN-GB; mso-bidi-font-family: Arial\">Euronews <\/SPAN><\/STRONG><SPAN class=location><SPAN lang=EN-GB style=\"FONT-WEIGHT: normal; FONT-SIZE: 10pt; COLOR: black; FONT-FAMILY: Verdana; mso-ansi-language: EN-GB\">&#8211; <\/SPAN><\/SPAN><SPAN class=cet><SPAN lang=EN-GB style=\"FONT-WEIGHT: normal; FONT-SIZE: 10pt; COLOR: black; FONT-FAMILY: Verdana; mso-ansi-language: EN-GB\">30\/01\/2009 <\/SPAN><\/SPAN><?xml:namespace prefix = st1 ns = \"urn:schemas-microsoft-com:office:smarttags\" \/><st1:time Hour=\"20\" Minute=\"52\"><SPAN class=cet><SPAN lang=EN-GB style=\"FONT-WEIGHT: normal; FONT-SIZE: 10pt; COLOR: black; FONT-FAMILY: Verdana; mso-ansi-language: EN-GB\">20:52<\/SPAN><\/SPAN><\/st1:time><SPAN class=cet><SPAN lang=EN-GB style=\"FONT-WEIGHT: normal; FONT-SIZE: 10pt; COLOR: black; FONT-FAMILY: Verdana; mso-ansi-language: EN-GB\"> CET<?xml:namespace prefix = o ns = \"urn:schemas-microsoft-com:office:office\" \/><o:p><\/o:p><\/SPAN><\/SPAN><\/H1><br \/>\n<P><SPAN lang=PT style=\"FONT-SIZE: 10pt; FONT-FAMILY: Arial; mso-ansi-language: PT\">A campanha eleitoral no Iraque p\u00f4s em ebuli\u00e7\u00e3o Ramadi, capital da prov\u00edncia de Al Anbar. Aqui os sunitas est\u00e3o em maioria. Em 2005, responderam ao apelo da insurg\u00eancia e boicotaram as elei\u00e7\u00f5es depois dos desvatadores assaltos do ex\u00e9rcito norte-americano a Faluja. <o:p><\/o:p><\/SPAN><\/P><br \/>\n<P><SPAN lang=PT style=\"FONT-SIZE: 10pt; FONT-FAMILY: Arial; mso-ansi-language: PT\">Durante meses, a Al Qaeda provocou o terror em Al Anbar, mas os im\u00e3s locais, apoiados pelos norte-americanos, retomaram o controlo. Agora, esperam ser recompensados nas urnas. <o:p><\/o:p><\/SPAN><\/P><br \/>\n<P><SPAN lang=PT style=\"FONT-SIZE: 10pt; FONT-FAMILY: Arial; mso-ansi-language: PT\">Um residente de Ramadi confirma: \u201cN\u00e3o participaram nas elei\u00e7\u00f5es anteriores porque os terroristas dominavam a cidade. Mas depois da liberta\u00e7\u00e3o, quem est\u00e1 em Al Anbar \u00e9 gente civilizada, disposta a participar nas elei\u00e7\u00f5es. Esperam todos que o processo eleitoral seja limpo e justo. Dos candidatos esperam uma boa representa\u00e7\u00e3o do povo no conselho provincial\u201d <o:p><\/o:p><\/SPAN><\/P><br \/>\n<P><SPAN lang=PT style=\"FONT-SIZE: 10pt; FONT-FAMILY: Arial; mso-ansi-language: PT\">O conselho de Al Anbar tem 41 assentos. O Partido Isl\u00e1mico Iraquiano ocupa 18. O resto est\u00e1 nas m\u00e3os dos aliados. <o:p><\/o:p><\/SPAN><\/P><br \/>\n<P><SPAN lang=PT style=\"FONT-SIZE: 10pt; FONT-FAMILY: Arial; mso-ansi-language: PT\">Nestas elei\u00e7\u00f5es, os im\u00e3s pretendem recuperar a influ\u00eancia perdida com o boicote de 2005. Para isso contam com o apoio da Alian\u00e7a do Renascimento do Iraque, que saiu do Conselho com o mesmo nome, criado para afastar a Al Qaida. <o:p><\/o:p><\/SPAN><\/P><br \/>\n<P><B><SPAN lang=PT style=\"FONT-SIZE: 10pt; FONT-FAMILY: Arial; mso-ansi-language: PT\">O ambiente est\u00e1 radicalmente diferente entre os crist\u00e3os, que constituem uma minoria de 750 mil pessoas num pa\u00eds de 28 milh\u00f5es de habitantes de maioria mu\u00e7ulmana. <o:p><\/o:p><\/SPAN><\/B><\/P><br \/>\n<P><B><SPAN lang=PT style=\"FONT-SIZE: 10pt; FONT-FAMILY: Arial; mso-ansi-language: PT\">Os crist\u00e3os tamb\u00e9m foram perseguidos em nome da f\u00e9. Muitos partiram, nos \u00faltimos cinco anos. <BR>Apesar da significativa diminui\u00e7\u00e3o da viol\u00eancia, nos \u00faltimos 16 meses, os crist\u00e3os ainda est\u00e3o pouco seguros quanto ao futuro. Alguns nem pensam ir votar. <o:p><\/o:p><\/SPAN><\/B><\/P><br \/>\n<P><B><SPAN lang=PT style=\"FONT-SIZE: 10pt; FONT-FAMILY: Arial; mso-ansi-language: PT\">Um dos cidad\u00e3os da comunidade crist\u00e3 pretende boicotar as elei\u00e7\u00f5es: n\u00e3o quer eleger ningu\u00e9m porque n\u00e3o viram mudan\u00e7as, ningu\u00e9m fez nada, as coisas n\u00e3o melhoraram. S\u00f3 pede a Deus que os ajude e envie um bom homem que tenha piedade deles.\u201d <o:p><\/o:p><\/SPAN><\/B><\/P><br \/>\n<P><B><SPAN lang=PT style=\"FONT-SIZE: 10pt; FONT-FAMILY: Arial; mso-ansi-language: PT\">Os crist\u00e3os consideram-se marginalizados por n\u00e3o terem representantes em qualquer dos conselhos executivos do pa\u00eds. <o:p><\/o:p><\/SPAN><\/B><\/P><br \/>\n<P><B><SPAN lang=PT style=\"FONT-SIZE: 10pt; FONT-FAMILY: Arial; mso-fareast-font-family: 'Times New Roman'; mso-ansi-language: PT; mso-fareast-language: FR; mso-bidi-language: AR-SA\">Receiam ser ainda mais discriminados depois da decis\u00e3o do Parlamento iraquiano, no passado m\u00eas de Novembro de atribuir \u00e0s minorias apenas seis dos 440 lugares dos Conselhos provinciais. Os crist\u00e3os s\u00f3 s\u00f3 t\u00eam direito a tr\u00eas lugares no parlamento, um deles em Bagdad.<\/SPAN><\/B><\/P><br \/>\n<P><SPAN lang=PT style=\"FONT-SIZE: 10pt; FONT-FAMILY: Arial; mso-fareast-font-family: 'Times New Roman'; mso-ansi-language: PT; mso-fareast-language: FR; mso-bidi-language: AR-SA\"><FONT size=1>TRIBUNUS<\/FONT><\/SPAN><\/P><\/p>\n","protected":false},"excerpt":{"rendered":"<p>Euronews &#8211; 30\/01\/2009 20:52 CET A campanha eleitoral no Iraque p\u00f4s em ebuli\u00e7\u00e3o Ramadi, capital da prov\u00edncia de Al Anbar. Aqui os sunitas est\u00e3o em maioria. Em 2005, responderam ao apelo da insurg\u00eancia e boicotaram as elei\u00e7\u00f5es depois dos desvatadores assaltos do ex\u00e9rcito norte-americano a Faluja. Durante meses, a Al Qaeda provocou o terror em &hellip;<\/p>\n","protected":false},"author":1,"featured_media":0,"comment_status":"open","ping_status":"open","sticky":false,"template":"","format":"standard","meta":{"footnotes":""},"categories":[2],"tags":[],"class_list":["post-907","post","type-post","status-publish","format-standard","","category-assyrian-news"],"jetpack_featured_media_url":"","_links":{"self":[{"href":"https:\/\/ado-world.com\/en\/wp-json\/wp\/v2\/posts\/907","targetHints":{"allow":["GET"]}}],"collection":[{"href":"https:\/\/ado-world.com\/en\/wp-json\/wp\/v2\/posts"}],"about":[{"href":"https:\/\/ado-world.com\/en\/wp-json\/wp\/v2\/types\/post"}],"author":[{"embeddable":true,"href":"https:\/\/ado-world.com\/en\/wp-json\/wp\/v2\/users\/1"}],"replies":[{"embeddable":true,"href":"https:\/\/ado-world.com\/en\/wp-json\/wp\/v2\/comments?post=907"}],"version-history":[{"count":0,"href":"https:\/\/ado-world.com\/en\/wp-json\/wp\/v2\/posts\/907\/revisions"}],"wp:attachment":[{"href":"https:\/\/ado-world.com\/en\/wp-json\/wp\/v2\/media?parent=907"}],"wp:term":[{"taxonomy":"category","embeddable":true,"href":"https:\/\/ado-world.com\/en\/wp-json\/wp\/v2\/categories?post=907"},{"taxonomy":"post_tag","embeddable":true,"href":"https:\/\/ado-world.com\/en\/wp-json\/wp\/v2\/tags?post=907"}],"curies":[{"name":"wp","href":"https:\/\/api.w.org\/{rel}","templated":true}]}}