{"id":883,"date":"2008-12-15T00:00:00","date_gmt":"2008-12-15T00:00:00","guid":{"rendered":""},"modified":"2010-10-01T20:26:50","modified_gmt":"2010-10-01T20:26:50","slug":"thousands-of-assyrians-rally-in-sweden-in-support-of-besieged-monastery-in-turkey","status":"publish","type":"post","link":"https:\/\/ado-world.com\/en\/thousands-of-assyrians-rally-in-sweden-in-support-of-besieged-monastery-in-turkey\/","title":{"rendered":"Thousands of Assyrians Rally in Sweden in Support of Besieged Monastery in Turkey"},"content":{"rendered":"<p><P dir=rtl style=\"DIRECTION: rtl; LINE-HEIGHT: 16pt; unicode-bidi: embed; TEXT-ALIGN: center; mso-line-height-rule: exactly\"><br \/>\n<SPAN lang=AR-SY style=\"FONT-SIZE: 16pt; color= #EA0000;  FONT-FAMILY: 'Varanda'\"><br \/>\n<img loading=\"lazy\" decoding=\"async\" src=\"http:\/\/www.ado-world.com\/en\/images\/news\/2008\/dec-08\/demostratie-sweden.jpg\" width=\"600\" height=\"419\" align=center><\/p>\n<p><\/SPAN><\/p>\n<p><P style=\"LINE-HEIGHT: 108%\"><br \/>\n<SPAN lang=AR-SY style=\"FONT-SIZE: 11pt; color= #800000;  FONT-FAMILY: 'Varanda'\"><br \/>\n<b><br \/>\n&nbsp;&nbsp;&nbsp;&nbsp;<br \/>\n<\/b><\/span><\/p>\n<p>\n<SPAN lang=AR-SY style=\"FONT-SIZE: 11pt; color= #0000FF;  FONT-FAMILY: 'Varanda'\"><br \/>\nS\u00f6dert\u00e4lje, Sweden &#8211; AINA &#8212;<\/SPAN><\/p>\n<p>Nearly four thousand Assyrians gathered in the<br \/>\ntown of S\u00f6dert\u00e4lje on Sunday to protest the attempts by Muslim village leaders<br \/>\nin south-eastern Turkey to confiscate lands belonging to the ancient Saint<br \/>\nGabriel monastery (AINA<br \/>\n<a href=\"http:\/\/www.aina.org\/releases\/20081202055618.htm\">12-2-2008<\/a>,<br \/>\n<a href=\"http:\/\/www.aina.org\/releases\/20080916151651.htm\">9-16-2008<\/a>).<br \/>\nRepresentatives of major Swedish political parties, Assyrian organizations and<br \/>\nbishops were present to convey a message of support to the 1600 years old<br \/>\nmonastery.<\/p>\n<p>Assyrian representatives committed themselves to do whatever is necessary to<br \/>\nstop the attacks against what they consider to be the last standing Assyrian<br \/>\nChristian symbol in south eastern Turkey.<\/p>\n<p>European politicians are standing by the Assyrians and the Saint Gabriel<br \/>\nmonastery (AINA <a href=\"http:\/\/www.aina.org\/news\/20081208183556.htm\">12-9-2008<\/a>).<br \/>\nThe German ambassador to Turkey, Dr. Eckart Cuntz, visited the monastery (AINA<br \/>\n<a href=\"http:\/\/www.aina.org\/news\/2008121292932.htm\">12-12-2008<\/a>) and Swedish<br \/>\nMPs Mats Pertorft and Yilmaz Kerimo are planning to attend the second court<br \/>\nhearings which will begin on the 19 December.<\/p>\n<p>Between 1914-1918 a genocide was perpetrated against the Assyrian population<br \/>\nin northern Mesopotamia and especially in the areas of what is today south<br \/>\neastern Turkey. Turks and Kurds cooperated to wipe out the non Muslim population<br \/>\nin the name of Jihad. Today only 3000 Assyrians remain in south-eastern Turkey.<br \/>\nFor many Assyrians today the attacks against the Saint Gabriel monastery are<br \/>\nseen as a continuation of the 1914-1918 genocide, which Turkey still denies.<\/p>\n<p>Click <a href=\"http:\/\/www.aina.org\/releases\/20080914205221.htm\">here<\/a> for<br \/>\npictures of the St. Gabriel monastery.<\/p>\n<p>\n<\/span><\/P><\/p>\n","protected":false},"excerpt":{"rendered":"<p>&nbsp;&nbsp;&nbsp;&nbsp; S\u00f6dert\u00e4lje, Sweden &#8211; AINA &#8212; Nearly four thousand Assyrians gathered in the town of S\u00f6dert\u00e4lje on Sunday to protest the attempts by Muslim village leaders in south-eastern Turkey to confiscate lands belonging to the ancient Saint Gabriel monastery (AINA 12-2-2008, 9-16-2008). Representatives of major Swedish political parties, Assyrian organizations and bishops were present to &hellip;<\/p>\n","protected":false},"author":1,"featured_media":0,"comment_status":"open","ping_status":"open","sticky":false,"template":"","format":"standard","meta":{"footnotes":""},"categories":[2],"tags":[],"class_list":["post-883","post","type-post","status-publish","format-standard","","category-assyrian-news"],"jetpack_featured_media_url":"","_links":{"self":[{"href":"https:\/\/ado-world.com\/en\/wp-json\/wp\/v2\/posts\/883","targetHints":{"allow":["GET"]}}],"collection":[{"href":"https:\/\/ado-world.com\/en\/wp-json\/wp\/v2\/posts"}],"about":[{"href":"https:\/\/ado-world.com\/en\/wp-json\/wp\/v2\/types\/post"}],"author":[{"embeddable":true,"href":"https:\/\/ado-world.com\/en\/wp-json\/wp\/v2\/users\/1"}],"replies":[{"embeddable":true,"href":"https:\/\/ado-world.com\/en\/wp-json\/wp\/v2\/comments?post=883"}],"version-history":[{"count":0,"href":"https:\/\/ado-world.com\/en\/wp-json\/wp\/v2\/posts\/883\/revisions"}],"wp:attachment":[{"href":"https:\/\/ado-world.com\/en\/wp-json\/wp\/v2\/media?parent=883"}],"wp:term":[{"taxonomy":"category","embeddable":true,"href":"https:\/\/ado-world.com\/en\/wp-json\/wp\/v2\/categories?post=883"},{"taxonomy":"post_tag","embeddable":true,"href":"https:\/\/ado-world.com\/en\/wp-json\/wp\/v2\/tags?post=883"}],"curies":[{"name":"wp","href":"https:\/\/api.w.org\/{rel}","templated":true}]}}