{"id":723,"date":"2008-04-13T00:00:00","date_gmt":"2008-04-13T00:00:00","guid":{"rendered":""},"modified":"2010-10-01T20:26:50","modified_gmt":"2010-10-01T20:26:50","slug":"swedish-mayor-calls-for-solution-to-iraq-refugee-crisis","status":"publish","type":"post","link":"https:\/\/ado-world.com\/en\/swedish-mayor-calls-for-solution-to-iraq-refugee-crisis\/","title":{"rendered":"Swedish Mayor Calls for Solution to Iraq Refugee Crisis"},"content":{"rendered":"<p><P style=\"LINE-HEIGHT: 108%\"><BR><B><SPAN lang=AR-SY style=\"FONT-SIZE: 11pt; COLOR: #800000; FONT-FAMILY: 'Varanda'\">By Anders G\u00f6ransson &nbsp;&nbsp; <\/SPAN><\/B><BR><BR><SPAN lang=AR-SY style=\"FONT-SIZE: 11pt; COLOR: #0000ff; FONT-FAMILY: 'Varanda'\">S\u00f6dert\u00e4lje &#8211; metro &#8212;<\/SPAN> <SPAN lang=AR-SY style=\"FONT-SIZE: 11pt; FONT-FAMILY: 'Varanda'\">this town alone takes more Iraqi refugees than the U.S. This was reported in Metro a year ago. The story made big headlines all over the world &#8212; and on Thursday mayor Anders Lago (Social Democratic Party) will give a speech to the U.S. National Congress. S\u00f6dert\u00e4lje has been attributed in American media for its successful dealing with arriving refugees. <BR><BR><B><FONT color=#800000>Are the citizens of S\u00f6dert\u00e4lje as content about it?<\/FONT><\/B><BR>&#8220;No. If you ask around, most people in S\u00f6dert\u00e4lje have the same opinion as I do; that S\u00f6dert\u00e4lje cannot take as many refugees as we are currently doing. Most people probably have a positive attitude towards immigration, but probably also think it would be more reasonable to spread the refugees among all cities in the country.&#8221; <BR><BR><B><FONT color=#800000>You will be given seven minutes for your speech in the congress. What will you say? <\/FONT><\/B><BR>&#8220;That all countries must take a bigger responsibility for the Iraqi refugees. And that the war and the worry must be put to an end.&#8221; The U.S. started the war against Iraq, but hardly takes any refugees from the area. What is your opinion on that? &#8220;It is deplorable, and I will say so. But it holds for the countries in the EU as well. It is almost only Sweden that acknowledges refugees from Iraq as refugees.&#8221; <BR><BR><FONT color=#800000><B>What does the situation for the refugees look like in S\u00f6dert\u00e4lje? <\/B><\/FONT><BR>&#8220;Last year we received slightly more than 100 refugees per month. Most of the newly arrived live in cramped accommodation with other people. There is an example of 15 people living in one small apartment, sleeping on mattresses on the floor. This hits the hardest on the refugees themselves, not least the children who experience a very bad start to their life in the new country.&#8221; Many of the refugees are Christian Iraqis who flee the war and the oppression. &#8220;Yes, almost all of them. I have met many people who tell horrifying stories about relatives and friends who have been murdered and persecuted. I can understand that people flee, but there must be an asylum headquarters where all countries help out, and a headquarters in Sweden from where the refugees are spread among all cities.&#8221; <BR><BR><FONT color=#800000><B>How well do you think the Swedish reception of asylum seekers is working? <\/B><\/FONT><BR>&#8220;It has fallen apart. A very large fraction of the refugees settle in a few neighbourhoods or towns. Most people probably have a positive attitude towards immigration, but probably also think it would be more reasonable to spread the refugees among all cities, says member of the municipal council Anders Lago, who will be give a speech at the National congress in the U.S. on Thursday. The whole country ought to share the responsibility.&#8221; <BR><BR><BR><BR><\/SPAN><\/P><\/p>\n","protected":false},"excerpt":{"rendered":"<p>By Anders G\u00f6ransson &nbsp;&nbsp; S\u00f6dert\u00e4lje &#8211; metro &#8212; this town alone takes more Iraqi refugees than the U.S. This was reported in Metro a year ago. The story made big headlines all over the world &#8212; and on Thursday mayor Anders Lago (Social Democratic Party) will give a speech to the U.S. National Congress. S\u00f6dert\u00e4lje &hellip;<\/p>\n","protected":false},"author":1,"featured_media":0,"comment_status":"open","ping_status":"open","sticky":false,"template":"","format":"standard","meta":{"footnotes":""},"categories":[2],"tags":[],"class_list":["post-723","post","type-post","status-publish","format-standard","","category-assyrian-news"],"jetpack_featured_media_url":"","_links":{"self":[{"href":"https:\/\/ado-world.com\/en\/wp-json\/wp\/v2\/posts\/723","targetHints":{"allow":["GET"]}}],"collection":[{"href":"https:\/\/ado-world.com\/en\/wp-json\/wp\/v2\/posts"}],"about":[{"href":"https:\/\/ado-world.com\/en\/wp-json\/wp\/v2\/types\/post"}],"author":[{"embeddable":true,"href":"https:\/\/ado-world.com\/en\/wp-json\/wp\/v2\/users\/1"}],"replies":[{"embeddable":true,"href":"https:\/\/ado-world.com\/en\/wp-json\/wp\/v2\/comments?post=723"}],"version-history":[{"count":0,"href":"https:\/\/ado-world.com\/en\/wp-json\/wp\/v2\/posts\/723\/revisions"}],"wp:attachment":[{"href":"https:\/\/ado-world.com\/en\/wp-json\/wp\/v2\/media?parent=723"}],"wp:term":[{"taxonomy":"category","embeddable":true,"href":"https:\/\/ado-world.com\/en\/wp-json\/wp\/v2\/categories?post=723"},{"taxonomy":"post_tag","embeddable":true,"href":"https:\/\/ado-world.com\/en\/wp-json\/wp\/v2\/tags?post=723"}],"curies":[{"name":"wp","href":"https:\/\/api.w.org\/{rel}","templated":true}]}}