{"id":718,"date":"2008-04-06T00:00:00","date_gmt":"2008-04-06T00:00:00","guid":{"rendered":""},"modified":"2010-10-01T20:26:50","modified_gmt":"2010-10-01T20:26:50","slug":"assyrisk-prast-mordad-i-irak-idag","status":"publish","type":"post","link":"https:\/\/ado-world.com\/en\/assyrisk-prast-mordad-i-irak-idag\/","title":{"rendered":"Assyrisk pr\u00e4st m\u00f6rdad i Irak idag"},"content":{"rendered":"<p><P style=\"LINE-HEIGHT: 108%\"><BR><B><SPAN style=\"FONT-SIZE: 11pt; COLOR: #800000; FONT-FAMILY: 'Varanda'\">&nbsp;&nbsp;&nbsp;&nbsp;&nbsp; &nbsp;&nbsp; <\/SPAN><SPAN lang=AR-SY style=\"FONT-SIZE: 11pt; COLOR: #800000; FONT-FAMILY: 'Varanda'\">&nbsp;<\/SPAN><\/B><BR><BR><SPAN lang=AR-SY style=\"FONT-SIZE: 11pt; COLOR: #0000ff; FONT-FAMILY: 'Varanda'\">Sweden &#8211; Hujada &#8212;<\/SPAN> <SPAN lang=AR-SY style=\"FONT-SIZE: 11pt; FONT-FAMILY: 'Varanda'\">V\u00c4RLDEN Den assyriske pr\u00e4sten Youssef Adel m\u00f6rdades i en skottlossning idag i den irakiska huvudstaden Bagdad. Mordet \u00e4r det senaste av flertalet attacker och mord p\u00e5 kristna och kristna ledare i landet. <BR><BR>Omkring 12-tiden lokal tid f\u00e4rdades Youssef Adel, 40 \u00e5r och pr\u00e4st i den Syrisk-ortodoxa kyrkan, i sin bil i det kristna bostadsomr\u00e5det Zayiuna i Bagdad n\u00e4r bev\u00e4pnade m\u00e4n \u00f6ppnade eld och m\u00f6rdade pr\u00e4sten, rapporterar nyhetsbyr\u00e5n AsiaNews. Nyheten har bekr\u00e4ftats av k\u00e4llor inom den Syrisk-ortodoxa kyrkan. <BR><BR>Adel har vid ett flertal tidigare tillf\u00e4llen hotats och terroriserats men inte gett akt p\u00e5 det. Youssef Adel begravs imorgon i den Syrisk-ortodoxa kyrkan i Bagdad. <BR><BR>Mordet p\u00e5 pr\u00e4sten Youssef Adel \u00e4r det senaste av flertalet attacker och mord p\u00e5 kristna och kristna ledare i Irak. Den 13 mars hittades den kaldeiske biskopen i Mosul Faraj Rahho, kropp. Biskopen kidnappades den 29 februari av en terroristgrupp och vid kidnappningen m\u00f6rdades biskopens tv\u00e5 livvakter och chauff\u00f6r. <BR><BR><BR><BR><\/SPAN><\/P><\/p>\n","protected":false},"excerpt":{"rendered":"<p>&nbsp;&nbsp;&nbsp;&nbsp;&nbsp; &nbsp;&nbsp; &nbsp;Sweden &#8211; Hujada &#8212; V\u00c4RLDEN Den assyriske pr\u00e4sten Youssef Adel m\u00f6rdades i en skottlossning idag i den irakiska huvudstaden Bagdad. Mordet \u00e4r det senaste av flertalet attacker och mord p\u00e5 kristna och kristna ledare i landet. Omkring 12-tiden lokal tid f\u00e4rdades Youssef Adel, 40 \u00e5r och pr\u00e4st i den Syrisk-ortodoxa kyrkan, i sin &hellip;<\/p>\n","protected":false},"author":1,"featured_media":0,"comment_status":"open","ping_status":"open","sticky":false,"template":"","format":"standard","meta":{"footnotes":""},"categories":[2],"tags":[],"class_list":["post-718","post","type-post","status-publish","format-standard","","category-assyrian-news"],"jetpack_featured_media_url":"","_links":{"self":[{"href":"https:\/\/ado-world.com\/en\/wp-json\/wp\/v2\/posts\/718","targetHints":{"allow":["GET"]}}],"collection":[{"href":"https:\/\/ado-world.com\/en\/wp-json\/wp\/v2\/posts"}],"about":[{"href":"https:\/\/ado-world.com\/en\/wp-json\/wp\/v2\/types\/post"}],"author":[{"embeddable":true,"href":"https:\/\/ado-world.com\/en\/wp-json\/wp\/v2\/users\/1"}],"replies":[{"embeddable":true,"href":"https:\/\/ado-world.com\/en\/wp-json\/wp\/v2\/comments?post=718"}],"version-history":[{"count":0,"href":"https:\/\/ado-world.com\/en\/wp-json\/wp\/v2\/posts\/718\/revisions"}],"wp:attachment":[{"href":"https:\/\/ado-world.com\/en\/wp-json\/wp\/v2\/media?parent=718"}],"wp:term":[{"taxonomy":"category","embeddable":true,"href":"https:\/\/ado-world.com\/en\/wp-json\/wp\/v2\/categories?post=718"},{"taxonomy":"post_tag","embeddable":true,"href":"https:\/\/ado-world.com\/en\/wp-json\/wp\/v2\/tags?post=718"}],"curies":[{"name":"wp","href":"https:\/\/api.w.org\/{rel}","templated":true}]}}