{"id":681,"date":"2007-12-21T00:00:00","date_gmt":"2007-12-21T00:00:00","guid":{"rendered":""},"modified":"2010-10-01T20:26:49","modified_gmt":"2010-10-01T20:26:49","slug":"skorper-polisen","status":"publish","type":"post","link":"https:\/\/ado-world.com\/en\/skorper-polisen\/","title":{"rendered":"Skorper, polisen!"},"content":{"rendered":"<p>\u00a0<br \/>\n<P style=\"LINE-HEIGHT: 108%\"><BR><BR><B><SPAN lang=AR-SY style=\"FONT-SIZE: 11pt; COLOR: #800000; FONT-FAMILY: 'Varanda'\">Nuri Kino \u00a0 <\/B><\/SPAN><BR><BR><SPAN lang=AR-SY style=\"FONT-SIZE: 11pt; COLOR: #0000ff; FONT-FAMILY: 'Varanda'\">Sweden &#8211; ESNA &#8212; <\/SPAN><SPAN lang=AR-SY style=\"FONT-SIZE: 11pt; FONT-FAMILY: 'Varanda'\">Ingen har hittills gripits f\u00f6r mordet p\u00e5 forskaren Fuat Deniz i \u00d6rebro. Tv\u00e4rtom har polisen gjort en m\u00e4ngd misstag och exempelvis inte anlitat en mycket erk\u00e4nd expert som sj\u00e4lvmant h\u00f6rde av sig. <BR><BR>Rikskriminalpolisen har anv\u00e4nt sig av hans kompetens men den duger tydligen inte \u00e5t \u00d6rebropolisen, skriver Nuri Kino. Tisdagen den 11 december h\u00f6ll universitetslektorn Fuat Deniz upp en d\u00f6rr, av vanlig enkel h\u00f6vlighet. Ett enda snitt i nacken och han var d\u00f6ende. <BR>Dagen efter att Deniz knivskars \u00e5kte jag till \u00d6rebro. Ingen i familjen hade erbjudits bevakning eller annan hj\u00e4lp. Familjen och Deniz v\u00e4nner, de flesta akademiker, ans\u00e5g att flera misstag beg\u00e5tts av polisen. De som blivit h\u00f6rda av polisen var chockade \u00f6ver f\u00f6rh\u00f6rsledarnas okunskap i f\u00f6rh\u00f6rsteknik. <BR><BR>P\u00e5 universitetet f\u00f6rs\u00f6kte jag ta reda p\u00e5 om n\u00e5gon visste om det funnits en hotbild mot Deniz. Jag stod i d\u00f6rr\u00f6ppningen till hans tj\u00e4nsterum, skulle jag g\u00e5 in eller inte? Hans kollegor ber\u00e4ttade att rummet inte varit plomberat, att det st\u00e4dats och att \u00e4ven andra varit d\u00e4r. Jag gick in. Polisen hade tagit hans h\u00e5rddisk. Hans bilnyckel och cigaretter liksom hans post l\u00e5g p\u00e5 skrivbordet. Tre av hans kollegor hade inte ens blivit h\u00f6rda. En av dem som forskat i samma \u00e4mne som Deniz levde ocks\u00e5 under hot. Han ringde polisen och bad att f\u00e5 ber\u00e4tta om hoten. N\u00e4r han kom d\u00e4rifr\u00e5n var han chockad \u00f6ver polisens stora okunskap om etniska, politiska och religi\u00f6sa mots\u00e4ttningar. <BR><BR>Jag \u00e5kte till Deniz hem. Hans fru bad mig g\u00e5 in i hans arbetsrum. Polisen hade \u00e4ven h\u00e4r tagit hans h\u00e5rddisk. Jag s\u00e5g ett visitkort som borde vara av intresse f\u00f6r polisen. Hans fru \u00f6ppnade skrivbordsl\u00e5dan, d\u00e4r l\u00e5g hans almanackor sedan fem \u00e5r. Samtidigt h\u00f6rde vi i radion att \u201dpolisen g\u00f6r allt den kan f\u00f6r att skapa sig en bild om Deniz\u201d. Det ringde p\u00e5 d\u00f6rren. Frun blev orolig, Polisen hade inte erbjudit henne skydd. Det var \u00e4nnu en v\u00e4n som varit p\u00e5 f\u00f6rh\u00f6r hos polisen som kom tillbaka besviken. I radion sa Polisen att bilderna p\u00e5 en blodig man som gick in i en aff\u00e4r samma dag som Deniz d\u00f6dades var oanv\u00e4ndbara. <BR><BR>N\u00e4r jag l\u00e4ste mina mejl s\u00e5g jag att en specialist inom biometrisk igenk\u00e4nning hade mejlat polisen och erbjudit sin hj\u00e4lp, jag hade f\u00e5tt en kopia. Mannen ville inte att polisen skulle avf\u00e4rda bilderna innan han f\u00e5tt se dem. Han \u00e4r en av de b\u00e4sta i v\u00e4rlden p\u00e5 att analysera s\u00e5dana bilder. P\u00e5 kv\u00e4llen hade polisen fortfarande inte h\u00f6rt av sig till honom. Det hade g\u00e5tt 48 timmar. Jag ringde specialisten. Han k\u00e4nde sig nonchalerad och f\u00f6r\u00f6dmjukad. Rikskriminalpolisen har anv\u00e4nt sig av hans kompetens men den duger inte \u00e5t \u00d6rebropolisen. <BR><BR>Rykten om vem som kan ha m\u00f6rdat Fuat Deniz har spritts som en l\u00f6peld \u00f6ver v\u00e4rlden. M\u00e5nga m\u00e4nniskor\u00e4ttsaktivister, sanningss\u00f6kare och forskare som h\u00e4rstammar fr\u00e5n Mellan\u00f6stern \u00e4r idag chockade och r\u00e4dda. \u201dJag har inte g\u00e5tt hemifr\u00e5n sedan den dagen\u201d, och \u201dmina br\u00f6der har flyttat hem till mig\u201d, s\u00e4ger en k\u00e4nd f\u00f6rfattare och en k\u00e4nd historiker. Vi \u00e4r m\u00e5nga som hoppas att det om skett \u00e4r ett vansinnesd\u00e5d, allt annat vore sv\u00e5rt att leva med. Deniz skrev en g\u00e5ng: \u201dDemokrati \u00e4r inget tillst\u00e5nd, det \u00e4r en handling\u201d. \u00d6rebropolisen m\u00e5ste handla. Den 20 december fick jag h\u00f6ra att \u00d6rebropolisen \u00e4ntligen bett Rikskriminalpolisens mordkommission om hj\u00e4lp. Jag ringde Polisen.<BR><BR>Informationschefen har semester, en kvinna svarade att \u00e5klagaren som leder utredningen inte heller \u00e4r d\u00e4r. Han \u00e4r sjuk och har ingen st\u00e4llf\u00f6retr\u00e4dande. Hon ber\u00e4ttar att \u00d6rebropolisen ska dra ned p\u00e5 personalen under storhelgerna. Jag fr\u00e5gar hur arbetet g\u00e5r, om det g\u00e5r fram\u00e5t. Svaret \u00e4r: \u201dVi har ingen Columbo eller s\u00e5 som springer omkring. Men vi har kompetent personal.\u201d <BR><BR>P\u00e5 min fr\u00e5ga om de har plomberat hans arbetsrum svarar hon att hon inte vet men att hon inte tror det. Hon vet heller inte varf\u00f6r de har kontaktat mordkommissionen. \u201dVi anser att vi har s\u00e5 pass kompetens s\u00e5 att vi inte beh\u00f6ver dem \u00e4nnu, det \u00e4r d\u00e4rf\u00f6r samarbetet kommer till efter ny\u00e5r. De har sj\u00e4lva h\u00e5rt tryck p\u00e5 sig.\u201d P\u00e5 Rikskrim s\u00e4ger man: \u201dDe som jobbar p\u00e5 riksmordskommissionen har g\u00e5tt p\u00e5 julledighet och kommer inte \u00e5ter f\u00f6rr\u00e4n den andra januari. De har semester, och det \u00e4r v\u00e4l dem v\u00e4l unt eftersom de aldrig \u00e4r hemma.\u201d <BR><BR>Ja, det \u00e4r dem v\u00e4l unt men det \u00e4r ocks\u00e5 Fuat Deniz familj, hans v\u00e4nner, kollegor och alla sanningss\u00f6kare v\u00e4l unt att f\u00e5 en professionell utredning. N\u00e5gon, jag vet inte vem, men n\u00e5gon m\u00e5ste se till att \u00d6rebropolisen genast f\u00e5r alla hj\u00e4lp den beh\u00f6ver, oavsett vilka helger det \u00e4r. <BR><BR><BR><BR><BR><\/SPAN><\/P><\/p>\n","protected":false},"excerpt":{"rendered":"<p>\u00a0 Nuri Kino \u00a0 Sweden &#8211; ESNA &#8212; Ingen har hittills gripits f\u00f6r mordet p\u00e5 forskaren Fuat Deniz i \u00d6rebro. Tv\u00e4rtom har polisen gjort en m\u00e4ngd misstag och exempelvis inte anlitat en mycket erk\u00e4nd expert som sj\u00e4lvmant h\u00f6rde av sig. Rikskriminalpolisen har anv\u00e4nt sig av hans kompetens men den duger tydligen inte \u00e5t \u00d6rebropolisen, skriver &hellip;<\/p>\n","protected":false},"author":1,"featured_media":0,"comment_status":"open","ping_status":"open","sticky":false,"template":"","format":"standard","meta":{"footnotes":""},"categories":[2],"tags":[],"class_list":["post-681","post","type-post","status-publish","format-standard","","category-assyrian-news"],"jetpack_featured_media_url":"","_links":{"self":[{"href":"https:\/\/ado-world.com\/en\/wp-json\/wp\/v2\/posts\/681","targetHints":{"allow":["GET"]}}],"collection":[{"href":"https:\/\/ado-world.com\/en\/wp-json\/wp\/v2\/posts"}],"about":[{"href":"https:\/\/ado-world.com\/en\/wp-json\/wp\/v2\/types\/post"}],"author":[{"embeddable":true,"href":"https:\/\/ado-world.com\/en\/wp-json\/wp\/v2\/users\/1"}],"replies":[{"embeddable":true,"href":"https:\/\/ado-world.com\/en\/wp-json\/wp\/v2\/comments?post=681"}],"version-history":[{"count":0,"href":"https:\/\/ado-world.com\/en\/wp-json\/wp\/v2\/posts\/681\/revisions"}],"wp:attachment":[{"href":"https:\/\/ado-world.com\/en\/wp-json\/wp\/v2\/media?parent=681"}],"wp:term":[{"taxonomy":"category","embeddable":true,"href":"https:\/\/ado-world.com\/en\/wp-json\/wp\/v2\/categories?post=681"},{"taxonomy":"post_tag","embeddable":true,"href":"https:\/\/ado-world.com\/en\/wp-json\/wp\/v2\/tags?post=681"}],"curies":[{"name":"wp","href":"https:\/\/api.w.org\/{rel}","templated":true}]}}