{"id":676,"date":"2007-12-18T00:00:00","date_gmt":"2007-12-18T00:00:00","guid":{"rendered":""},"modified":"2010-10-01T20:26:49","modified_gmt":"2010-10-01T20:26:49","slug":"platser-och-talare-for-manifestationerna","status":"publish","type":"post","link":"https:\/\/ado-world.com\/en\/platser-och-talare-for-manifestationerna\/","title":{"rendered":"Platser och talare for manifestationerna"},"content":{"rendered":"<p>\u00a0<br \/>\n<P style=\"LINE-HEIGHT: 108%\"><BR><BR><B><SPAN lang=AR-SY style=\"FONT-SIZE: 11pt; COLOR: #800000; FONT-FAMILY: 'Varanda'\">\u00a0\u00a0\u00a0\u00a0 \u00a0 <\/B><\/SPAN><BR><BR><SPAN lang=AR-SY style=\"FONT-SIZE: 11pt; COLOR: #0000ff; FONT-FAMILY: 'Varanda'\">Sweden- Hujada &#8212;<\/SPAN><SPAN lang=AR-SY style=\"FONT-SIZE: 11pt; FONT-FAMILY: 'Varanda'\"> Platserna och talarna f\u00f6r manifestationerna \u00e4r nu spikade. H\u00e4r f\u00f6ljer en lista \u00f6ver dem. Vid eventuella \u00e4ndringar eller till\u00e4gg vad g\u00e4ller talarna, uppdateras det h\u00e4r p\u00e5 hujada.com fortl\u00f6pande. <BR><BR>Samtliga platser och talare f\u00f6r manifestationerna till minne av universitetslektorn \u00e4r nu spikade. Alla manifestationer arrangeras samma dag och samma tid. Vid eventuella \u00e4ndringar eller till\u00e4gg vad g\u00e4ller talarna, uppdateras det h\u00e4r p\u00e5 hujada.com fortl\u00f6pande. <BR><BR><B><FONT color=#ff0000>Orebro <\/FONT><\/B><BR>Tid: Onsdagen den 19 december, kl. 18.00. <BR>Plats: Olof Palmes torg <BR>Talare: Andreas Deniz (Fuats bror), Mikael Karleheden (Lektor,\u00d6rebro universitet), Andreas Carlgren (c) milj\u00f6minister, Tomas Harila, Murat Artin (v). <BR><BR><FONT color=#ff0000><B>Stockholm <\/B><\/FONT><BR>Tid: Onsdagen den 19 december, kl. 18.00. <BR>Plats: Medborgarplatsen <BR>Talare: Fredrik Malm, (fp) riksdagsledamot, Luciano Astodillo, (s)riksdagsledamot, Lars Ohly (v) partiledare, Runa Deniz (Fuat Deniz fru), Berolin Deniz (Fuat Deniz syster), Leo Kantor (statsvetare och ordf\u00f6rande Immigranternas centralf\u00f6rbund), Per Wirt\u00e9n (chefredakt\u00f6r Arena), Alexandra Pascalidou (samh\u00e4llsdebatt\u00f6r). <BR><BR><B><FONT color=#ff0000>Goteborg <\/FONT><\/B><BR>Tid: Onsdagen den 19 december, kl. 18.00. <BR>Plats: Gustav Adolfs torg <BR>Talare: Christer Svensson (Fuats v\u00e4n), Abrohom Staifo (Ledarskribent GP), Stina Sundberg (talesperson f\u00f6r FI). <BR><BR><B><FONT color=#ff0000>Uppsala <\/FONT><\/B><BR>Tid: Onsdagen den 19 december, kl. 18.00. <BR>Plats: Stora torget <BR>Talare: Jan Melle (Fuads v\u00e4nner), Cecilia Wikstr\u00f6m (fp) riksdagsledamot, Jakob Johnsson (v) riksdagsledamot, Qaisar Mahmood (f\u00f6rfattare). <BR><BR><FONT color=#ff0000><B>Lund <\/B><\/FONT><BR>Tid: Onsdagen den 19 december, kl. 18.00. <BR>Plats: Stortorget <BR>Talare: Antoinette Hezler (Sociologf\u00f6rbundets ordf\u00f6rande), Per Svensson (Expressens Kulturchef), Rakel Chukri (skribent), Hanna Eriksson (ordf\u00f6rande Lunds universitets studentk\u00e5r), Gabriel Barjosef (Fuats v\u00e4nner). <BR><BR><FONT color=#ff0000><B>Linkoping <\/B><\/FONT><BR>Tid: Onsdagen den 19 december, kl. 18.00. <BR>Plats: Stora torget <BR>Talare: Wolfran Antepohl (Fuats v\u00e4n), \u00c5ke Wasteson (vice rektor Link\u00f6ping universitet), Karin Malmkvist (hon som satt vid Fuat tills ambulansen kom), representant fr\u00e5n Link\u00f6pings kommun. <BR><BR><FONT color=#ff0000><B>Jonkoping <\/B><\/FONT><BR>Tid: Onsdagen den 19 december, kl. 18.00. <BR>Plats: Hoppets torg <BR>Talare: Paul Ragnar Melin (pr\u00e4st i svenska kyrkan), Acko Ankarberg (kommunstyrelsen ordf\u00f6rande), Peter Persson (kommunalr\u00e5d), Anna Melle (Fuats v\u00e4nner). <BR><BR><FONT color=#ff0000><B>Norrkoping <\/B><\/FONT><BR>Tid: Onsdagen den 19 december, kl. 18.00. <BR>Plats: Tyska torget <BR>Talare: Lars Stjernkvist (kommunalr\u00e5d), Louise Malmstr\u00f6m, (s) riksdagsledamot, Marcus Birro (f\u00f6rfattare och poet). <BR><BR><BR><BR><\/SPAN><\/P><\/p>\n","protected":false},"excerpt":{"rendered":"<p>\u00a0 \u00a0\u00a0\u00a0\u00a0 \u00a0 Sweden- Hujada &#8212; Platserna och talarna f\u00f6r manifestationerna \u00e4r nu spikade. H\u00e4r f\u00f6ljer en lista \u00f6ver dem. Vid eventuella \u00e4ndringar eller till\u00e4gg vad g\u00e4ller talarna, uppdateras det h\u00e4r p\u00e5 hujada.com fortl\u00f6pande. Samtliga platser och talare f\u00f6r manifestationerna till minne av universitetslektorn \u00e4r nu spikade. Alla manifestationer arrangeras samma dag och samma tid. &hellip;<\/p>\n","protected":false},"author":1,"featured_media":0,"comment_status":"open","ping_status":"open","sticky":false,"template":"","format":"standard","meta":{"footnotes":""},"categories":[2],"tags":[],"class_list":["post-676","post","type-post","status-publish","format-standard","","category-assyrian-news"],"jetpack_featured_media_url":"","_links":{"self":[{"href":"https:\/\/ado-world.com\/en\/wp-json\/wp\/v2\/posts\/676","targetHints":{"allow":["GET"]}}],"collection":[{"href":"https:\/\/ado-world.com\/en\/wp-json\/wp\/v2\/posts"}],"about":[{"href":"https:\/\/ado-world.com\/en\/wp-json\/wp\/v2\/types\/post"}],"author":[{"embeddable":true,"href":"https:\/\/ado-world.com\/en\/wp-json\/wp\/v2\/users\/1"}],"replies":[{"embeddable":true,"href":"https:\/\/ado-world.com\/en\/wp-json\/wp\/v2\/comments?post=676"}],"version-history":[{"count":0,"href":"https:\/\/ado-world.com\/en\/wp-json\/wp\/v2\/posts\/676\/revisions"}],"wp:attachment":[{"href":"https:\/\/ado-world.com\/en\/wp-json\/wp\/v2\/media?parent=676"}],"wp:term":[{"taxonomy":"category","embeddable":true,"href":"https:\/\/ado-world.com\/en\/wp-json\/wp\/v2\/categories?post=676"},{"taxonomy":"post_tag","embeddable":true,"href":"https:\/\/ado-world.com\/en\/wp-json\/wp\/v2\/tags?post=676"}],"curies":[{"name":"wp","href":"https:\/\/api.w.org\/{rel}","templated":true}]}}