{"id":654,"date":"2007-10-19T00:00:00","date_gmt":"2007-10-19T00:00:00","guid":{"rendered":""},"modified":"2010-10-01T20:26:49","modified_gmt":"2010-10-01T20:26:49","slug":"pertofts-krav-till-bildt-erkann-folkmordet-seyfo","status":"publish","type":"post","link":"https:\/\/ado-world.com\/en\/pertofts-krav-till-bildt-erkann-folkmordet-seyfo\/","title":{"rendered":"Pertofts krav till Bildt \u2013 erk\u00e4nn folkmordet Seyfo"},"content":{"rendered":"<p>\u00a0<br \/>\n<P style=\"LINE-HEIGHT: 108%\"><BR><BR><B><SPAN lang=AR-SY style=\"FONT-SIZE: 11pt; COLOR: #800000; FONT-FAMILY: 'Varanda'\">Reporter:Ivana Vukadinovic <\/B><\/SPAN><BR><BR><BR><SPAN lang=AR-SY style=\"FONT-SIZE: 11pt; COLOR: #0000ff; FONT-FAMILY: 'Varanda'\">S\u00d6DERT\u00c4LJE &#8211; LT &#8212; <\/SPAN><SPAN lang=AR-SY style=\"FONT-SIZE: 11pt; FONT-FAMILY: 'Varanda'\">Erk\u00e4nn folkmordet p\u00e5 armenier och assyrier\/syrianer, kr\u00e4ver milj\u00f6partiets Mats Pertoft. Han har nu skrivit en fr\u00e5ga till utrikesminister Carl Bildt. <BR><BR>\u2013 Tyv\u00e4rr tror jag inte att han v\u00e5gar svara p\u00e5 den, s\u00e4ger Mats Pertoft. Nyligen slog det amerikanska representanthusets utrikesutskott fast att Turkiet utsatte armenierna f\u00f6r folkmord 1915. Milj\u00f6partiets Mats Pertoft vill att Sverige f\u00f6ljer USAs exempel. Han har nu l\u00e4mnat in en interpellation, en fr\u00e5ga, till utrikesministern Carl Bildt. <BR><BR>\u2013 Det h\u00e4r \u00e4r en viktig fr\u00e5ga som debatterats ett antal g\u00e5nger i Sveriges Riksdag. Jag vill veta n\u00e4r och inte om folkmordet ska erk\u00e4nnas, s\u00e4ger Mats Pertoft. N\u00e4sta fredag ska Carl Bildt svara p\u00e5 fr\u00e5gan. Men Mats Pertoft tror inte att utrikesministern v\u00e5gar. <BR><BR>\u2013 Han \u00e4r orolig f\u00f6r konsekvensen inom EU och f\u00f6rhandlingarna med Turkiet. Men jag tycker att man ska s\u00e4tta press p\u00e5 Turkiet. Man vinner inte genom att sopa saker under mattan, s\u00e4ger Mats Pertoft. Folkmordet har tidigare erk\u00e4nts i totalt 19 l\u00e4nder. Runt 1,5 miljoner armenier ska ha drivits bort och d\u00f6dats av turkiska arm\u00e9n. Cirka 500 000 assyrier\/syrianer ska ha m\u00f6rdats i samma omr\u00e5de och vid samma folkmord, uppskattar forskarna. <BR><BR><\/p>\n<p>\n<a href=\"http:\/\/lt.se\/index.asp?kat=st&#038;i1=index_red_2007.asp&#038;i2=1&#038;Id=22847&#038;isp2=hela\"><br \/>\nLT<\/a><\/p>\n<p>\u00a0<\/p\n<BR><BR><BR><\/SPAN><\/P><\/p>\n","protected":false},"excerpt":{"rendered":"<p>\u00a0 Reporter:Ivana Vukadinovic S\u00d6DERT\u00c4LJE &#8211; LT &#8212; Erk\u00e4nn folkmordet p\u00e5 armenier och assyrier\/syrianer, kr\u00e4ver milj\u00f6partiets Mats Pertoft. Han har nu skrivit en fr\u00e5ga till utrikesminister Carl Bildt. \u2013 Tyv\u00e4rr tror jag inte att han v\u00e5gar svara p\u00e5 den, s\u00e4ger Mats Pertoft. Nyligen slog det amerikanska representanthusets utrikesutskott fast att Turkiet utsatte armenierna f\u00f6r folkmord 1915. &hellip;<\/p>\n","protected":false},"author":1,"featured_media":0,"comment_status":"open","ping_status":"open","sticky":false,"template":"","format":"standard","meta":{"footnotes":""},"categories":[2],"tags":[],"class_list":["post-654","post","type-post","status-publish","format-standard","","category-assyrian-news"],"jetpack_featured_media_url":"","_links":{"self":[{"href":"https:\/\/ado-world.com\/en\/wp-json\/wp\/v2\/posts\/654","targetHints":{"allow":["GET"]}}],"collection":[{"href":"https:\/\/ado-world.com\/en\/wp-json\/wp\/v2\/posts"}],"about":[{"href":"https:\/\/ado-world.com\/en\/wp-json\/wp\/v2\/types\/post"}],"author":[{"embeddable":true,"href":"https:\/\/ado-world.com\/en\/wp-json\/wp\/v2\/users\/1"}],"replies":[{"embeddable":true,"href":"https:\/\/ado-world.com\/en\/wp-json\/wp\/v2\/comments?post=654"}],"version-history":[{"count":0,"href":"https:\/\/ado-world.com\/en\/wp-json\/wp\/v2\/posts\/654\/revisions"}],"wp:attachment":[{"href":"https:\/\/ado-world.com\/en\/wp-json\/wp\/v2\/media?parent=654"}],"wp:term":[{"taxonomy":"category","embeddable":true,"href":"https:\/\/ado-world.com\/en\/wp-json\/wp\/v2\/categories?post=654"},{"taxonomy":"post_tag","embeddable":true,"href":"https:\/\/ado-world.com\/en\/wp-json\/wp\/v2\/tags?post=654"}],"curies":[{"name":"wp","href":"https:\/\/api.w.org\/{rel}","templated":true}]}}