{"id":647,"date":"2007-10-18T00:00:00","date_gmt":"2007-10-18T00:00:00","guid":{"rendered":""},"modified":"2010-10-01T20:26:49","modified_gmt":"2010-10-01T20:26:49","slug":"seyfobeslut-satter-press-pa-ankara","status":"publish","type":"post","link":"https:\/\/ado-world.com\/en\/seyfobeslut-satter-press-pa-ankara\/","title":{"rendered":"Seyfobeslut s\u00e4tter press p\u00e5 Ankara"},"content":{"rendered":"<p>&nbsp;<br \/>\n<P style=\"LINE-HEIGHT: 108%\"><BR><B><SPAN lang=AR-SY style=\"FONT-SIZE: 11pt; COLOR: #800000; FONT-FAMILY: 'Varanda'\"><BR>&nbsp;<\/SPAN><\/B><BR><BR><SPAN lang=AR-SY style=\"FONT-SIZE: 11pt; COLOR: #0000ff; FONT-FAMILY: 'Varanda'\">S\u00f6dert\u00e4lje ( Sweden) &#8211; LT &#8212;<\/SPAN> <SPAN lang=AR-SY style=\"FONT-SIZE: 11pt; FONT-FAMILY: 'Varanda'\">H\u00e4r i S\u00f6dert\u00e4lje \u00e4r fr\u00e5gan om folkmordet \u2013 eller Seyfo, Sv\u00e4rdets \u00e5r \u2013 st\u00e4ndigt aktuell. M\u00e5nga \u00e4ttlingar till dem som drabbades av de systematiska utrensningar av kristna, som utf\u00f6rdes av ungturkarnas regim ledd av Enver Pascha, k\u00e4mpar f\u00f6r ett turkiskt erk\u00e4nnande av folkmordet. Dessutom p\u00e5g\u00e5r parallellt diskussionerna om hur formuleringarna ska vara p\u00e5 S\u00f6dert\u00e4ljes eget Seyfomonument. Det monument som kommunen beslutat att s\u00e4tta upp till minne av h\u00e4ndelserna f\u00f6r 92 \u00e5r sedan.Olika assyriska och syrianska f\u00f6reningar deltar i det arbetet. <BR><BR>I det ljuset \u00e4r det en h\u00f6gintressant h\u00e4ndelseutveckling som vi nu ser p\u00e5 andra sidan Atlanten. F\u00f6rra veckan besl\u00f6t man i det amerikanska representanthusets utrikesutskott att godk\u00e4nna en resolution om massakrerna p\u00e5 armenier, assyrier-syrianer-kald\u00e9er och greker i Turkiet under 1910-talets andra h\u00e4lft. Utrikesutskottet anser att h\u00e4ndelserna \u00e4r att betrakta som ett folkmord. Beslutet, som antogs med r\u00f6stsiffrorna 27\u201321, \u00e4r en synnerligen stark markering. <BR><BR>Reaktionen fr\u00e5n den turkiska ledningen i Ankara var h\u00e4ftig. President Abdullah G\u00fcl kallade resolutionen oacceptabel. Det \u00e4r den g\u00e4ngse f\u00f6rnekelsemetoden bland turkiska ledare som varit h\u00e4rskande \u00e4nda sedan Kemal Atat\u00fcrk blev president 1923. Turkarna vill inte acceptera att den tidigare regimen begick \u00f6vergrepp \u2013 f\u00f6r vem vill vara folkm\u00f6rdare? Trots att det finns dokumentation som ger st\u00f6d till det systematiska m\u00f6rdandet av kristna har Turkiet allt som oftast klarat sig undan. Landets mycket strategiska l\u00e4ge spelar naturligtvis in, men ocks\u00e5 skicklig diplomati fr\u00e5n Ankara. <BR><BR>Mer \u00e4n h\u00e4lften av delstaterna i USA och flera nationer, d\u00e4ribland Belgien, Nederl\u00e4nderna och Frankrike, har redan fattat beslut om att ben\u00e4mna ungturkarnas utrensningar som folkmord \u2013 den allra f\u00f6rsta nationen att vilja st\u00e4lla de ansvariga till svars var faktiskt Turkiet sj\u00e4lvt. Redan 1918 \u00e5talades flera ledande milit\u00e4rer och guvern\u00f6rer som ansvariga f\u00f6r massakrerna. Men n\u00e4r Atat\u00fcrk tog vid \u00e4ndrades den linjen, sedan dess \u00e4r det f\u00f6rnekelse som \u00e4r den enda v\u00e4gens politik. Att USA, tack vare den demokratiska majoriteten i utrikesutskottet, nu \u00e5ter lyfter fr\u00e5gan \u2013 och det till en h\u00f6gre niv\u00e5 \u2013 s\u00e4tter press p\u00e5 Ankara. Men demokraterna har inte gett sig. De t\u00e4nker nu driva resolutionen vidare till representanthuset, som v\u00e4ntas r\u00f6sta i mitten av november \u2013 mot Ankaras och Vita husets vilja. President Bush mots\u00e4tter sig benh\u00e5rt resolutionen. <BR><BR><B><FONT color=#800000>Presidenterna G\u00fcl och Bush har annan huvudv\u00e4rk. <\/FONT><\/B><BR>Resolutionen kommer i ett l\u00e4ge d\u00e4r opinionen i Turkiet v\u00e4xer mot landets medverkan i USA:s krigf\u00f6ring i Irak, ett krig som amerikanerna sv\u00e5rligen kunnat f\u00f6ra utan att anv\u00e4nda sig av turkiskt territorium f\u00f6r transporter av manskap, materiel och f\u00f6rn\u00f6denheter. Dessutom pumpas olja fr\u00e5n Irak via oljeledningar i Turkiet. Inte nog med det \u2013 Ankara var redan fullt upptaget med sitt eget krig \u2013 det mot kurderna i PKK. Turkisk milit\u00e4r st\u00e5r redo att marschera in \u00f6ver gr\u00e4nsen till norra Irak f\u00f6r att jaga de kurdiska motst\u00e5ndsm\u00e4n som av Ankara utm\u00e5las som terrorister. Regeringen i Ankara har redan godk\u00e4nt en marschorder. Men USA vill att Turkiet avvaktar. <BR><BR><BR><BR><BR><\/SPAN><\/P><\/p>\n","protected":false},"excerpt":{"rendered":"<p>&nbsp; &nbsp;S\u00f6dert\u00e4lje ( Sweden) &#8211; LT &#8212; H\u00e4r i S\u00f6dert\u00e4lje \u00e4r fr\u00e5gan om folkmordet \u2013 eller Seyfo, Sv\u00e4rdets \u00e5r \u2013 st\u00e4ndigt aktuell. M\u00e5nga \u00e4ttlingar till dem som drabbades av de systematiska utrensningar av kristna, som utf\u00f6rdes av ungturkarnas regim ledd av Enver Pascha, k\u00e4mpar f\u00f6r ett turkiskt erk\u00e4nnande av folkmordet. Dessutom p\u00e5g\u00e5r parallellt diskussionerna om &hellip;<\/p>\n","protected":false},"author":1,"featured_media":0,"comment_status":"open","ping_status":"open","sticky":false,"template":"","format":"standard","meta":{"footnotes":""},"categories":[2],"tags":[],"class_list":["post-647","post","type-post","status-publish","format-standard","","category-assyrian-news"],"jetpack_featured_media_url":"","_links":{"self":[{"href":"https:\/\/ado-world.com\/en\/wp-json\/wp\/v2\/posts\/647","targetHints":{"allow":["GET"]}}],"collection":[{"href":"https:\/\/ado-world.com\/en\/wp-json\/wp\/v2\/posts"}],"about":[{"href":"https:\/\/ado-world.com\/en\/wp-json\/wp\/v2\/types\/post"}],"author":[{"embeddable":true,"href":"https:\/\/ado-world.com\/en\/wp-json\/wp\/v2\/users\/1"}],"replies":[{"embeddable":true,"href":"https:\/\/ado-world.com\/en\/wp-json\/wp\/v2\/comments?post=647"}],"version-history":[{"count":0,"href":"https:\/\/ado-world.com\/en\/wp-json\/wp\/v2\/posts\/647\/revisions"}],"wp:attachment":[{"href":"https:\/\/ado-world.com\/en\/wp-json\/wp\/v2\/media?parent=647"}],"wp:term":[{"taxonomy":"category","embeddable":true,"href":"https:\/\/ado-world.com\/en\/wp-json\/wp\/v2\/categories?post=647"},{"taxonomy":"post_tag","embeddable":true,"href":"https:\/\/ado-world.com\/en\/wp-json\/wp\/v2\/tags?post=647"}],"curies":[{"name":"wp","href":"https:\/\/api.w.org\/{rel}","templated":true}]}}