{"id":437,"date":"2007-05-12T00:00:00","date_gmt":"2007-05-12T00:00:00","guid":{"rendered":""},"modified":"2010-10-01T20:26:49","modified_gmt":"2010-10-01T20:26:49","slug":"bilim-insanlary-ithbathynda","status":"publish","type":"post","link":"https:\/\/ado-world.com\/en\/bilim-insanlary-ithbathynda\/","title":{"rendered":"Bilim insanlar\u00fd i\u00feba\u00fe\u00fdnda"},"content":{"rendered":"<p><P><B><STRONG>Y\u00fdld\u00fdr\u00fdm T\u00fcrker<\/STRONG><\/B><br \/>\n<P><FONT color=gray size=1>07\/05\/2007 (6824 ki\u00fei okudu)<\/FONT><br \/>\n<P>Ekran\u00fdm\u00fdza bolca profes\u00f6r, bilim insan\u00fd dadand\u00fd. En muteber bulunan kimilerinin d\u00fc\u00fe\u00fcnce bi\u00e7imleriyle tan\u00fd\u00fet\u00fdk\u00e7a hem T\u00fcrkiye hem de bilim ad\u00fdna kayg\u00fd duymamak m\u00fcmk\u00fcn de\u00f0il. <BR>Her fikirden insan\u00fdn akl\u00fdn\u00fd ba\u00fe\u00fdna toplay\u00fdp tarih\u00e7ilere havale etti\u00f0i Ermeni katliam\u00fd konusuna kendini adam\u00fd\u00fel\u00fd\u00f0\u00fdna daha \u00f6nceki \u00e7al\u00fd\u00femalar\u00fdndan tan\u00fdk oldu\u00f0umuz T\u00fcrk Tarih Kurumu Ba\u00fekan\u00fd Yusuf Hala\u00e7o\u00f0lu&#8217;nun son yi\u00f0itlik g\u00f6sterisi de kof \u00e7\u00fdkt\u00fd. Daha \u00f6nce TTK ile Ermeni tarih\u00e7i Ara Sarafyan, Harput Ermenileri \u00fczerine ara\u00fet\u00fdrma yapmak \u00fczere s\u00f6zle\u00femi\u00fe, ancak Hala\u00e7o\u00f0lu&#8217;nun 1915 y\u00fdl\u00fd Harput&#8217;una ait belgeler bulunmad\u00fd\u00f0\u00fdn\u00fd a\u00e7\u00fdklamas\u00fdyla \u00e7al\u00fd\u00fema daha ba\u00felamadan sona ermi\u00feti. <BR>Ge\u00e7ti\u00f0imiz ekim ay\u00fdnda G\u00fcndem gazetesinde Nusaybin&#8217;in Kuru (Xirebaba) k\u00f6y\u00fcnde k\u00f6yl\u00fcler taraf\u00fdndan bulunan toplu mezardan fotograflar yay\u00fdmland\u00fd. Pek \u00e7ok kafatas\u00fd ve kemik foto\u00f0raflar\u00fd. Mezar yeri i\u00e7in kaz\u00fdlan araziden geni\u00fe odal\u00fd bir ma\u00f0ara, ma\u00f0aradan bir\u00e7ok kemik \u00e7\u00fdkm\u00fd\u00fet\u00fd. \u00ddsve\u00e7&#8217;te &#8216;soyk\u00fdr\u00fdm uzman\u00fd&#8217; olarak g\u00f6rev yapan Prof. David Gaunt, mezar\u00fdn 1915 ve sonras\u00fdnda katledilmi\u00fe Ermeni ve S\u00fcryanilere ait olabilece\u00f0ini iddia etti. \u00ddddian\u00fdn \u00ddsve\u00e7 Parlamentosu&#8217;na ta\u00fe\u00fdnmas\u00fd \u00fczerine Hala\u00e7o\u00f0lu, hodri meydan\u00fd \u00e7ekip Gaunt&#8217;a ortak ara\u00fet\u00fdrma \u00f6nerisinde bulundu. \u00d6nceki g\u00fcn ilk ara\u00fet\u00fdrma yap\u00fdld\u00fd. <BR>\u00ddsve\u00e7&#8217;ten kalk\u00fdp gelen profes\u00f6r Gaunt&#8217;u sevimsiz bir s\u00fcrpriz bekliyordu. Nitekim on be\u00fe dakika s\u00fcren &#8216;saha \u00e7al\u00fd\u00femas\u00fd&#8217;n\u00fdn ard\u00fdndan durumun &#8216;bilimsel a\u00e7\u00fddan bir k\u00e2bus&#8217; oldu\u00f0unu s\u00f6yleyecekti. Gaunt, sa\u00f0anak ya\u00f0mur alt\u00fdnda ma\u00f0araya inildi\u00f0ini ve g\u00f6rd\u00fckleri kar\u00fe\u00fds\u00fdnda \u00fea\u00fek\u00fdnl\u00fd\u00f0a u\u00f0rad\u00fd\u00f0\u00fdn\u00fd anlat\u00fdyordu: &#8220;Mezara indi\u00f0imizde daha \u00f6nce foto\u00f0raflarda g\u00f6r\u00fclen iskeletler ve kafataslar\u00fd yoktu. Birka\u00e7 kemik par\u00e7as\u00fd d\u00fd\u00fe\u00fdnda mezar bo\u00fetu. B\u00fct\u00fcn yolu, i\u00e7inde neredeyse hi\u00e7 iskelet olmayan bir mezara atlamak i\u00e7in mi geldim?.. \u00dcstelik iskeletlerin olmad\u00fd\u00f0\u00fdna bir tek ben \u00fea\u00fe\u00fdrd\u00fdm. Di\u00f0er profes\u00f6rler, kaymakam, arkeolog gayet mutlulard\u00fd. &#8216;Nerede iskeletler?&#8217; demediler. Ya\u00f0an ya\u00f0murun suyuyla kemiklerin topra\u00f0\u00fdn alt\u00fdna g\u00f6m\u00fclm\u00fc\u00fe olabilece\u00f0ini s\u00f6ylediler ama kaz\u00fdp \u00e7\u00fdkarma giri\u00feiminde bulunmad\u00fdlar. Demek ki orada bir \u00feey olmad\u00fd\u00f0\u00fdn\u00fd onlar da biliyorlard\u00fd Hi\u00e7bir ko\u00feul bilimsel \u00e7al\u00fd\u00fema yapmaya uygun de\u00f0ildi, bilimsel a\u00e7\u00fddan k\u00e2bus gibiydi.&#8221; <BR>Ge\u00e7ti\u00f0imiz ekim ay\u00fdnda mezar\u00fdn ilk halinin foto\u00f0raf\u00fdn\u00fd \u00e7eken Dicle Haber Ajans\u00fd muhabiri Berg\u00fczar Oru\u00e7, mezara ilk geldi\u00f0inde kemiklerin, iskeletlerin ve 50&#8217;ye yak\u00fdn kafatas\u00fdn\u00fdn say\u00fdlabildi\u00f0ini s\u00f6yl\u00fcyor. \u00deimdi ise sadece birka\u00e7 kemik kald\u00fd\u00f0\u00fdn\u00fd teyit ediyor. <BR>Bu arada Hala\u00e7o\u00f0lu, mezar\u00fdn Roma d\u00f6neminden kalma oldu\u00f0u iddias\u00fdnda \u00fdsrarl\u00fdyd\u00fd. Her f\u00fdrsatta bu g\u00f6r\u00fc\u00fe\u00fcn\u00fc tekrarl\u00fdyor, &#8220;Antropologlara, Adli T\u00fdp uzman\u00fdna, savc\u00fdya falan gerek yok; i\u00fete gittik g\u00f6rd\u00fck, \u00f6rnek ald\u00fdk, bunlar Roma kal\u00fdnt\u00fdlar\u00fdd\u00fdr&#8221; diyordu. Gaunt&#8217;a g\u00f6reyse durum farkl\u00fdyd\u00fd: &#8220;Mezar Romal\u00fdlardan kalm\u00fd\u00fe olabilir ama Romal\u00fdlar \u00f6l\u00fclerini \u00e7ok daha \u00f6zenli g\u00f6m\u00fcyorlard\u00fd. Foto\u00f0raftaki iskeletler da\u00f0\u00fdn\u00fdk bir \u00feekilde duruyordu. Romal\u00fdlar o \u00feekilde g\u00f6mm\u00fcyorlard\u00fd \u00f6l\u00fclerini. Ayr\u00fdca biliyoruz ki, I. D\u00fcnya Sava\u00fe\u00fd s\u00fdras\u00fdnda ya\u00feanan olaylarda cesetleri kuyulara, ma\u00f0aralara at\u00fdyorlard\u00fd. Mezar mek\u00e2n\u00fd Romal\u00fdlara ait olsa bile, kemiklerin kime ait oldu\u00f0u h\u00e2l\u00e2 belli de\u00f0il. Kimdi o insanlar?&#8221; <BR>Hala\u00e7o\u00f0lu, &#8220;Ya\u00f0murla i\u00e7eriye yar\u00fdm metre su dolmu\u00fe, biraz da toz toprak girmi\u00fe ve kemiklerin \u00fczeri \u00f6rt\u00fclm\u00fc\u00fe,&#8221; diyor. Ona kal\u00fdrsa ara\u00fet\u00fdrma, ma\u00f0ara Roma d\u00f6nemine ait oldu\u00f0u i\u00e7in son buldu. &#8220;Dedim ki, par\u00e7a ister misiniz, topraktan analiz yapacak m\u00fds\u00fdn\u00fdz? Yok dediler. \u00c7\u00fcnk\u00fc kemikler Roma d\u00f6nemine aitti. Eline kazmay\u00fd da verdik, k\u00fcre\u00f0i de. Bakmad\u00fd bile.&#8221; David Gaunt yan\u00fdtl\u00fdyor: &#8220;Topra\u00f0\u00fd kaz\u00fdp \u00f6rnek alabilece\u00f0imi, baz\u00fd k\u00fc\u00e7\u00fck kemikleri alabilece\u00f0imi s\u00f6ylediler. Bunun bilimsel \u00e7al\u00fd\u00fema i\u00e7in yeterli olmayaca\u00f0\u00fdn\u00fd, normal bilimsel prosed\u00fcr\u00fc takip edip etmedi\u00f0imizden emin olmad\u00fd\u00f0\u00fdm\u00fd s\u00f6yledim.&#8221; <BR>Radikal&#8217;de konuyla ilgili haberi haz\u00fdrlayan \u00ddsmail Saymaz, haberine Mardin S\u00fcryanisi Sait Y\u00fdld\u00fdz&#8217;\u00fdn dediklerini de eklemi\u00fe. Y\u00fdld\u00fdz \u00fczg\u00fcnm\u00fc\u00fe. Ama bu topraklarda ya\u00feayan bir do\u00f0al zanl\u00fd olarak herhalde \u00fea\u00fe\u00fdrmam\u00fd\u00fet\u00fdr. \u00de\u00f6yle demi\u00fe: &#8220;Gelmeden \u00f6nce mezar\u00fdn temizlendi\u00f0ini duymu\u00fetuk. Ama bu kadar\u00fdn\u00fd tahmin etmedik.&#8221; <BR>TTK (Tarih Tahrip Kurumu) Ba\u00fekan\u00fd Hala\u00e7o\u00f0lu, Cumhuriyetini seven mutlu bir T\u00fcrk. Yani bir Mutlu T\u00fcrk Bilim \u00ddnsan\u00fd. <BR><BR><B>O kadar olsa<\/B> <BR>Bir ba\u00feka de\u00f0erli Profes\u00f6r\u00fcm\u00fczle de art\u00fdk yak\u00fdndan tan\u00fd\u00fe\u00fdyoruz. Profes\u00f6r Doktor Necla Arat, son &#8216;laik \u00feahlan\u00fd\u00fe&#8217; mitinglerinin d\u00fczenleyicilerinden, militan ruhlu bir bilim insan\u00fd. <BR>Ge\u00e7en g\u00fcn ekranlarda gururlu bir panelist olarak yerini alm\u00fd\u00fet\u00fd. Kar\u00fe\u00fds\u00fdndaki d\u00fc\u00feman g\u00fc\u00e7lerin askeri muht\u00fdras konusundaki kayg\u00fd ve ele\u00fetirilerini i\u00e7tenlikle anlam\u00fdyordu. M\u00fcnazaras\u00fdn\u00fd \u00fcst\u00fcne kurdu\u00f0u &#8216;fikir&#8217; \u00feuydu: &#8216;M\u00fchendisler, i\u00feadamlar\u00fd, ayd\u00fdnlar, siyaset\u00e7iler fikirlerini s\u00f6yleyebiliyor da askerler neden vatanda\u00fe olarak fikirlerini belirtmesin? Onlar\u00fdn fikirlerini belirtmesinden neden rahats\u00fdz oluyorsunuz?&#8217; Askerin hassas vatanda\u00fe olarak portresini demokrasi m\u00fccadelesi diliyle \u00e7izebilmek han\u00fdmefendi gibi y\u00fcksek r\u00fctbeli bir sosyal bilimcinin demokrasi tan\u00fdm\u00fdna de\u00f0erli bir katk\u00fds\u00fd olarak ge\u00e7meyecek literat\u00fcre. Askerin fikir ve taraf belirtmesinin silah \u00e7ekmek anlam\u00fdna gelece\u00f0ini, silahl\u00fd olan\u00fdn malumat de\u00f0il ancak talimat verece\u00f0ini, kald\u00fd ki arkas\u00fdnda onca darbe olan askerin a\u00f0z\u00fdn\u00fd hayra a\u00e7mayaca\u00f0\u00fdn\u00fd bu r\u00fctbeli bilim insan\u00fdna kim \u00f6\u00f0retecek? <BR>Cumhuriyeti konusunda son derece hassas ve k\u00fdskan\u00e7 olan Arat, ayn\u00fd hassasiyeti demokrasiden esirgedi\u00f0i gibi kar\u00fe\u00fds\u00fdndakilerden de esirgemekte bir beis g\u00f6rm\u00fcyordu. S\u00f6zgelimi idam edilmi\u00fe babas\u00fdn\u00fdn resmi \u00f6n\u00fcnde oturmu\u00fe olarak programa ba\u00f0lanan Ayd\u00fdn Menderes&#8217;in y\u00fcz\u00fcne kar\u00fe\u00fd 60 darbesini savunuyor, darbeler i\u00e7inde bir darbe bilirim edas\u00fdndan hi\u00e7 taviz vermiyordu. Bu demokrasi uzman\u00fd sosyal bilimciye g\u00f6re darbenin iyisi de k\u00f6t\u00fcs\u00fc olurdu. <BR>Arat&#8217;\u00fdn askerinin apoletinden toz ald\u00fdrmayan tavr\u00fd yeni de\u00f0ildi elbet. kendilerini bundan 4 y\u00fdl \u00f6nceki kahramanl\u00fdk performans\u00fdndan hat\u00fdrl\u00fdyoruz. <BR>2002 y\u00fdl\u00fdnda Almanya K\u00f6ln&#8217;de bir panele konu\u00femac\u00fd olarak kat\u00fdlan Avukat Eren Keskin&#8217;in s\u00f6yledikleri \u00fczerine H\u00fcrriyet gazetesi bir haber yapm\u00fd\u00fe, ayn\u00fd panele konu\u00femac\u00fd olarak kat\u00fdlan Necla Arat&#8217;\u00fdn da g\u00f6r\u00fc\u00felerine yer vermi\u00feti. Keskin panelde ordu-siyaset ili\u00fekisinden s\u00f6z etmi\u00fe, g\u00f6zalt\u00fdnda tecav\u00fczlerde, tecav\u00fcz eden asker say\u00fds\u00fdn\u00fdn polis say\u00fds\u00fdndan fazla oldu\u00f0unu ama T\u00fcrkiye&#8217;de ordunun bir tabu oldu\u00f0undan \u00feik\u00e2yet edilemedi\u00f0ini anlatm\u00fd\u00fet\u00fd. Arat, duruma m\u00fcdahale ediyor, askerine &#8216;tecav\u00fczc\u00fc&#8217; diyen avukat\u00fd milletine ve gerekli mercilere \u00feik\u00e2yet ediyordu. <BR>Bu haber ve deme\u00e7 \u00fczerine, Genelkurmay Ba\u00fekanl\u00fd\u00f0\u00fd Ba\u00f0c\u00fdlar Cumhuriyet Savc\u00fdl\u00fd\u00f0\u00fd&#8217;na su\u00e7 duyurusunda bulundu. <BR>2003 y\u00fdl\u00fdn\u00fdn \u00feubat ay\u00fdnda yap\u00fdlan duru\u00femaya Prof. Dr. Necla Arat tan\u00fdk olarak, Av. Eren Keskin de san\u00fdk olarak kat\u00fdld\u00fdlar. Arat&#8217;\u00fdn s\u00f6zlerine dayanarak haz\u00fdrlanan iddianamede Eren Keskin&#8217;in T\u00fcrk ordusuna tecav\u00fczc\u00fc dedi\u00f0i belirtiliyordu. <BR>Arat orada da gururluydu. &#8220;Ben de d\u00fc\u00fe\u00fcnce \u00f6zg\u00fcrl\u00fc\u00f0\u00fcnden yanay\u00fdm. <BR>Onun K\u00f6ln&#8217;deki toplant\u00fdda ki\u00feisel d\u00fc\u00fe\u00fcncelerini a\u00e7\u00fdklamas\u00fd hakk\u00fdd\u00fdr. Ancak, T\u00fcrk devleti ve \u00fclke b\u00fct\u00fcnl\u00fc\u00f0\u00fc a\u00e7\u00fds\u00fdndan zarar veren ve T\u00fcrkiye&#8217;nin zarar\u00fdna s\u00f6ylemleri kar\u00fe\u00fds\u00fdnda bilin\u00e7li bir vatanda\u00fel\u00fdk davran\u00fd\u00fe\u00fd \u00feeklinde bir tepki verdim. Bosna&#8217;daki tecav\u00fczleri b\u00fct\u00fcn d\u00fcnya biliyor. <BR>Burada bir-iki m\u00fcnferit olay ya\u00feanm\u00fd\u00fesa bile, bunlar\u00fdn belgesi yok&#8221; diyordu. Arat, Eren Keskin&#8217;in sorusunu da yan\u00fdtl\u00fdyordu: &#8220;Almanya&#8217;dan d\u00f6nd\u00fckten iki-\u00fc\u00e7 g\u00fcn sonra bana telefon edildi, Genelkurmay Ba\u00fekan\u00fd&#8217;n\u00fdn benimle g\u00f6r\u00fc\u00femek istedi\u00f0i s\u00f6ylendi. Kendisi bana nezaketle, tepki ve duyarl\u00fdl\u00fd\u00f0\u00fdm i\u00e7in silahl\u00fd kuvvetler ad\u00fdna te\u00feekk\u00fcr etti. Gazetede \u00e7\u00fdkan haberler \u00fczerine beni arad\u00fd\u00f0\u00fdn\u00fd s\u00f6yledi. Genelkurmay Ba\u00fekan\u00fd d\u00fd\u00fe\u00fdnda pek \u00e7ok vatanda\u00fe arad\u00fd ve te\u00feekk\u00fcr etti.&#8221; Av. Eren Keskin savunmas\u00fdnda, \u00feimdiye kadar s\u00f6ylediklerinin hep arkas\u00fdnda durdu\u00f0unu, s\u00f6ylediklerinden ceza almaktan korkmad\u00fd\u00f0\u00fdn\u00fd belirtiyor ve kar\u00fe\u00fds\u00fdndaki bilim insan\u00fdna, bilim ad\u00fdna da vazge\u00e7ilmez olan \u00feu dersi veriyordu: &#8220;\u00ddnsan haklar\u00fd savunuculu\u00f0unun milliyeti olmaz. Ben insan haklar\u00fd ad\u00fdna bir \u00feey s\u00f6yl\u00fcyorsam, kimin rencide olaca\u00f0\u00fdyla ilgilenmem.&#8221; <BR>Yerim yetse daha kimler var anlatacak. \u00deu kadar\u00fdn\u00fd s\u00f6yleyerek bitireyim. <BR>T\u00fcrk bilim insanlar\u00fdm\u00fdz teyakkuzda. \u00c7ocu\u00f0um y\u00fcksekokullar okusun, bilim insan\u00fd olsun diye \u00e7\u00fdrp\u00fdn\u00fdrken bir daha d\u00fc\u00fe\u00fcn\u00fcn. Hem askeri okullar paras\u00fdz.<\/P><\/p>\n","protected":false},"excerpt":{"rendered":"<p>Y\u00fdld\u00fdr\u00fdm T\u00fcrker 07\/05\/2007 (6824 ki\u00fei okudu) Ekran\u00fdm\u00fdza bolca profes\u00f6r, bilim insan\u00fd dadand\u00fd. En muteber bulunan kimilerinin d\u00fc\u00fe\u00fcnce bi\u00e7imleriyle tan\u00fd\u00fet\u00fdk\u00e7a hem T\u00fcrkiye hem de bilim ad\u00fdna kayg\u00fd duymamak m\u00fcmk\u00fcn de\u00f0il. Her fikirden insan\u00fdn akl\u00fdn\u00fd ba\u00fe\u00fdna toplay\u00fdp tarih\u00e7ilere havale etti\u00f0i Ermeni katliam\u00fd konusuna kendini adam\u00fd\u00fel\u00fd\u00f0\u00fdna daha \u00f6nceki \u00e7al\u00fd\u00femalar\u00fdndan tan\u00fdk oldu\u00f0umuz T\u00fcrk Tarih Kurumu Ba\u00fekan\u00fd Yusuf Hala\u00e7o\u00f0lu&#8217;nun son &hellip;<\/p>\n","protected":false},"author":1,"featured_media":0,"comment_status":"open","ping_status":"open","sticky":false,"template":"","format":"standard","meta":{"footnotes":""},"categories":[2],"tags":[],"class_list":["post-437","post","type-post","status-publish","format-standard","","category-assyrian-news"],"jetpack_featured_media_url":"","_links":{"self":[{"href":"https:\/\/ado-world.com\/en\/wp-json\/wp\/v2\/posts\/437","targetHints":{"allow":["GET"]}}],"collection":[{"href":"https:\/\/ado-world.com\/en\/wp-json\/wp\/v2\/posts"}],"about":[{"href":"https:\/\/ado-world.com\/en\/wp-json\/wp\/v2\/types\/post"}],"author":[{"embeddable":true,"href":"https:\/\/ado-world.com\/en\/wp-json\/wp\/v2\/users\/1"}],"replies":[{"embeddable":true,"href":"https:\/\/ado-world.com\/en\/wp-json\/wp\/v2\/comments?post=437"}],"version-history":[{"count":0,"href":"https:\/\/ado-world.com\/en\/wp-json\/wp\/v2\/posts\/437\/revisions"}],"wp:attachment":[{"href":"https:\/\/ado-world.com\/en\/wp-json\/wp\/v2\/media?parent=437"}],"wp:term":[{"taxonomy":"category","embeddable":true,"href":"https:\/\/ado-world.com\/en\/wp-json\/wp\/v2\/categories?post=437"},{"taxonomy":"post_tag","embeddable":true,"href":"https:\/\/ado-world.com\/en\/wp-json\/wp\/v2\/tags?post=437"}],"curies":[{"name":"wp","href":"https:\/\/api.w.org\/{rel}","templated":true}]}}