{"id":401,"date":"2007-03-10T00:00:00","date_gmt":"2007-03-10T00:00:00","guid":{"rendered":""},"modified":"2010-10-01T20:26:49","modified_gmt":"2010-10-01T20:26:49","slug":"ados-foretradare-gripna-i-syrien","status":"publish","type":"post","link":"https:\/\/ado-world.com\/en\/ados-foretradare-gripna-i-syrien\/","title":{"rendered":"ADO\u2019s f\u00f6retr\u00e4dare gripna i Syrien!"},"content":{"rendered":"<p><P class=MsoNormal style=\"MARGIN: 0cm 1cm 0pt; TEXT-ALIGN: right\" align=right><I style=\"mso-bidi-font-style: normal\"><SPAN lang=SV>S\u00f6dert\u00e4lje <?xml:namespace prefix = o ns = \"urn:schemas-microsoft-com:office:office\" \/><o:p><\/o:p><\/SPAN><\/I><\/P><br \/>\n<P class=MsoNormal style=\"MARGIN: 0cm 1cm 0pt; TEXT-ALIGN: right\" align=right><I style=\"mso-bidi-font-style: normal\"><SPAN lang=SV>070310<o:p><\/o:p><\/SPAN><\/I><\/P><br \/>\n<P class=MsoNormal style=\"MARGIN: 0cm 1cm 0pt; TEXT-ALIGN: right\" align=right><I style=\"mso-bidi-font-style: normal\"><SPAN lang=SV><o:p>&nbsp;<\/o:p><\/SPAN><\/I><\/P><br \/>\n<P class=MsoNormal style=\"MARGIN: 0cm 1cm 0pt\"><SPAN lang=SV>L\u00f6rdagen den 10 mars 2007 samlades den syriska oppositionen i Damascus f\u00f6r en politisk manifestation. Syftet var att bl.a. att protestera mot en lag som inf\u00f6rts d\u00e4r statsmakten givit sig r\u00e4tten att utan r\u00e4tteg\u00e5ng kunna d\u00f6ma en person. Oppositionen d\u00e4r Assyriska Demokratiska Organisationen, ADO ing\u00e5r menar att lagen fr\u00e4mst riktas mot politisk olikt\u00e4nkande. <\/SPAN><\/P><br \/>\n<P class=MsoNormal style=\"MARGIN: 0cm 1cm 0pt\"><SPAN lang=SV><o:p>&nbsp;<\/o:p><\/SPAN><\/P><br \/>\n<P class=MsoNormal style=\"MARGIN: 0cm 1cm 0pt\"><SPAN lang=SV>Inf\u00f6r f\u00f6rberedelserna f\u00f6r manifestationen slog underr\u00e4ttelsetj\u00e4nsten till och ett 40-tal oppositionsmedlemmar greps.&nbsp;Beshir Saadi och Gabriel Mushe, ADO\u2019s f\u00f6retr\u00e4dare i oppositionsledning finns bland dessa. Enligt k\u00e4llor har de f\u00f6rts iv\u00e4g med buss till huvudstadens utkanter. <\/SPAN><\/P><br \/>\n<P class=MsoNormal style=\"MARGIN: 0cm 1cm 0pt\"><SPAN lang=SV><o:p>&nbsp;<\/o:p><\/SPAN><\/P><br \/>\n<P class=MsoNormal style=\"MARGIN: 0cm 1cm 0pt\"><SPAN lang=SV>Vi \u00e5terkommer med ytterligare information om h\u00e4ndelsen inom kort.<\/SPAN><\/P><br \/>\n<P class=MsoNormal style=\"MARGIN: 0cm 1cm 0pt\"><SPAN lang=SV><o:p>&nbsp;<\/o:p><\/SPAN><\/P><br \/>\n<P class=MsoNormal style=\"MARGIN: 0cm 1cm 0pt\"><B style=\"mso-bidi-font-weight: normal\"><I style=\"mso-bidi-font-style: normal\"><SPAN lang=SV>ADO<o:p><\/o:p><\/SPAN><\/I><\/B><\/P><br \/>\n<P class=MsoNormal style=\"MARGIN: 0cm 1cm 0pt\"><B style=\"mso-bidi-font-weight: normal\"><I style=\"mso-bidi-font-style: normal\"><SPAN lang=SV>Sverige Sektionen<o:p><\/o:p><\/SPAN><\/I><\/B><\/P><br \/>\n<P class=MsoNormal style=\"MARGIN: 0cm 1cm 0pt\"><SPAN lang=SV><o:p>&nbsp;<\/o:p><\/SPAN><\/P><br \/>\n<P class=MsoNormal style=\"MARGIN: 0cm 1cm 0pt\"><SPAN lang=SV><o:p>&nbsp;<\/o:p><\/SPAN><\/P><\/p>\n","protected":false},"excerpt":{"rendered":"<p>S\u00f6dert\u00e4lje 070310 &nbsp; L\u00f6rdagen den 10 mars 2007 samlades den syriska oppositionen i Damascus f\u00f6r en politisk manifestation. Syftet var att bl.a. att protestera mot en lag som inf\u00f6rts d\u00e4r statsmakten givit sig r\u00e4tten att utan r\u00e4tteg\u00e5ng kunna d\u00f6ma en person. Oppositionen d\u00e4r Assyriska Demokratiska Organisationen, ADO ing\u00e5r menar att lagen fr\u00e4mst riktas mot politisk &hellip;<\/p>\n","protected":false},"author":1,"featured_media":0,"comment_status":"open","ping_status":"open","sticky":false,"template":"","format":"standard","meta":{"footnotes":""},"categories":[2],"tags":[],"class_list":["post-401","post","type-post","status-publish","format-standard","","category-assyrian-news"],"jetpack_featured_media_url":"","_links":{"self":[{"href":"https:\/\/ado-world.com\/en\/wp-json\/wp\/v2\/posts\/401","targetHints":{"allow":["GET"]}}],"collection":[{"href":"https:\/\/ado-world.com\/en\/wp-json\/wp\/v2\/posts"}],"about":[{"href":"https:\/\/ado-world.com\/en\/wp-json\/wp\/v2\/types\/post"}],"author":[{"embeddable":true,"href":"https:\/\/ado-world.com\/en\/wp-json\/wp\/v2\/users\/1"}],"replies":[{"embeddable":true,"href":"https:\/\/ado-world.com\/en\/wp-json\/wp\/v2\/comments?post=401"}],"version-history":[{"count":0,"href":"https:\/\/ado-world.com\/en\/wp-json\/wp\/v2\/posts\/401\/revisions"}],"wp:attachment":[{"href":"https:\/\/ado-world.com\/en\/wp-json\/wp\/v2\/media?parent=401"}],"wp:term":[{"taxonomy":"category","embeddable":true,"href":"https:\/\/ado-world.com\/en\/wp-json\/wp\/v2\/categories?post=401"},{"taxonomy":"post_tag","embeddable":true,"href":"https:\/\/ado-world.com\/en\/wp-json\/wp\/v2\/tags?post=401"}],"curies":[{"name":"wp","href":"https:\/\/api.w.org\/{rel}","templated":true}]}}