{"id":1777,"date":"2011-10-06T22:24:31","date_gmt":"2011-10-06T22:24:31","guid":{"rendered":""},"modified":"2011-10-09T20:45:50","modified_gmt":"2011-10-09T20:45:50","slug":"kritik-und-appell","status":"publish","type":"post","link":"https:\/\/ado-world.com\/en\/kritik-und-appell\/","title":{"rendered":"KRITIK und APPELL"},"content":{"rendered":"<p>                                                                Oktober 2011 Teshrin 6761<\/p>\n<p>Das Geschichtsbuch Sekundarstufe II des t\u00fcrkischen Ministeriums f\u00fcr nationale Ausbildung,<br \/>\n das am 03.03.2011 herausgegeben worden ist, enth\u00e4lt rassistische und falsche Angaben \u00fcber die assyrische Volksgruppe in der T\u00fcrkei.  <\/p>\n<p>Auf den Seiten 65-66 werden die Assyrer pauschal als unzuverl\u00e4ssige Staatsb\u00fcrger hingestellt,<br \/>\n Es hei\u00dft dort: &#8220;In diesem Sinne waren die Assyrer ein sehr problematischer Fall des Osmanischen Reiches&#8221;. Die Assyrer sollen das Land durch die Zusammenarbeit mit den gro\u00dfen M\u00e4chten wie Europa und Russland verraten haben. Es werden aber keine Beweise genannt, denn es gibt keine.<br \/>\nDie Fluchtwelle der Assyrer aus ihren Siedlungsgebieten die heute zur T\u00fcrkei geh\u00f6ren, wird mit einem Hinweis auf wirtschaftliche Gr\u00fcnde erkl\u00e4rt Doch der tats\u00e4chliche Grund der Auswanderung aus der T\u00fcrkei  beruht auf der politischen, ethnischen und religi\u00f6sen Diskriminierung, n\u00e4mlich auf Verfolgung, Unterdr\u00fcckung, Vertreibung bis zur Ermordung von assyrischen M\u00e4nnern, Frauen und Kindern, Von all dem wird im Geschichtsbuch nichts berichtet.<\/p>\n<p>Die t\u00fcrkische Politik verf\u00e4lscht seit Jahrzehnten die Geschichte Anatoliens und ihrer damaligen und heutigen assyrischen Bewohner. Denn diese Geschichtsschreibung der T\u00fcrkei basiert nicht auf Fakten. Die Geschichte wird unseres Erachtens manipuliert, um Vorurteile und Misstrauen zu sch\u00fcren. Dadurch wird das Miteinander der verschiedenen Volksgruppen in der T\u00fcrkei erschwert, wenn nicht gar unm\u00f6glich gemacht. <\/p>\n<p>Es ist l\u00e4ngst an der Zeit, allen Volksgruppen in der T\u00fcrkei, auch den nichtmuslimischen, die Rechte zu gew\u00e4hren, die die T\u00fcrkei durch die Unterzeichnung der UN-Menschenrechtskonvention von 1948 als ma\u00dfgeblich anerkannt hat. Dazu geh\u00f6ren Glaubensfreiheit und Recht auf die eigene Sprache und Kultur. <\/p>\n<p>Wir appellieren an die westliche \u00d6ffentlichkeit, Druck auf die T\u00fcrkei auszu\u00fcben, damit sie ihre aggressiven und feindseligen Handlungen gegen\u00fcber den in der T\u00fcrkei lebenden V\u00f6lkern sofort beendet. Wir rufen die Verantwortlichen in der T\u00fcrkei auf, sich f\u00fcr eine friedliche Gesellschaft in der T\u00fcrkei einzusetzen und unter anderem wahrheitsgem\u00e4\u00df \u00fcber die geschichtlichen und kulturellen Leistungen der Assyrer zu informieren und ebenso \u00fcber deren derzeitige Situation. Das Geschichtsbuch f\u00fcr die Sekundarstufe II vom 03. 03. 2011 ist einzuziehen. <\/p>\n<p>Assyrisch Demokratische Organisation e. V. Sektion Europa (A D O) <\/p>\n","protected":false},"excerpt":{"rendered":"<p>Oktober 2011 Teshrin 6761 Das Geschichtsbuch Sekundarstufe II des t\u00fcrkischen Ministeriums f\u00fcr nationale Ausbildung, das am 03.03.2011 herausgegeben worden ist, enth\u00e4lt rassistische und falsche Angaben \u00fcber die assyrische Volksgruppe in der T\u00fcrkei. Auf den Seiten 65-66 werden die Assyrer pauschal als unzuverl\u00e4ssige Staatsb\u00fcrger hingestellt, Es hei\u00dft dort: &#8220;In diesem Sinne waren die Assyrer ein sehr &hellip;<\/p>\n","protected":false},"author":1,"featured_media":2243,"comment_status":"open","ping_status":"open","sticky":false,"template":"","format":"standard","meta":{"footnotes":""},"categories":[2],"tags":[],"class_list":["post-1777","post","type-post","status-publish","format-standard","has-post-thumbnail","","category-assyrian-news"],"jetpack_featured_media_url":"https:\/\/ado-world.com\/en\/wp-content\/uploads\/sites\/2\/2011\/10\/ado-6761-00.jpg","_links":{"self":[{"href":"https:\/\/ado-world.com\/en\/wp-json\/wp\/v2\/posts\/1777","targetHints":{"allow":["GET"]}}],"collection":[{"href":"https:\/\/ado-world.com\/en\/wp-json\/wp\/v2\/posts"}],"about":[{"href":"https:\/\/ado-world.com\/en\/wp-json\/wp\/v2\/types\/post"}],"author":[{"embeddable":true,"href":"https:\/\/ado-world.com\/en\/wp-json\/wp\/v2\/users\/1"}],"replies":[{"embeddable":true,"href":"https:\/\/ado-world.com\/en\/wp-json\/wp\/v2\/comments?post=1777"}],"version-history":[{"count":0,"href":"https:\/\/ado-world.com\/en\/wp-json\/wp\/v2\/posts\/1777\/revisions"}],"wp:featuredmedia":[{"embeddable":true,"href":"https:\/\/ado-world.com\/en\/wp-json\/wp\/v2\/media\/2243"}],"wp:attachment":[{"href":"https:\/\/ado-world.com\/en\/wp-json\/wp\/v2\/media?parent=1777"}],"wp:term":[{"taxonomy":"category","embeddable":true,"href":"https:\/\/ado-world.com\/en\/wp-json\/wp\/v2\/categories?post=1777"},{"taxonomy":"post_tag","embeddable":true,"href":"https:\/\/ado-world.com\/en\/wp-json\/wp\/v2\/tags?post=1777"}],"curies":[{"name":"wp","href":"https:\/\/api.w.org\/{rel}","templated":true}]}}