{"id":1255,"date":"2005-07-15T08:00:52","date_gmt":"2005-07-15T08:00:52","guid":{"rendered":""},"modified":"2010-10-01T20:26:50","modified_gmt":"2010-10-01T20:26:50","slug":"assyriska-demokratiska-organisationens-48e-arsjubileum","status":"publish","type":"post","link":"https:\/\/ado-world.com\/en\/assyriska-demokratiska-organisationens-48e-arsjubileum\/","title":{"rendered":"Assyriska Demokratiska organisationens 48:e \u00e5rsjubileum"},"content":{"rendered":"<p><P align=center><B><FONT face=\"Times New Roman\">Enighet, solidaritet och <\/FONT><\/B><\/P><br \/>\n<P align=center><B><FONT face=\"Times New Roman\">fortsatt kamp f\u00f6r assyriernas r\u00e4ttigheter<\/FONT><\/B><\/P><br \/>\n<P><I><FONT face=\"Times New Roman\">S\u00f6dert\u00e4lje<BR><\/FONT><\/I><I><FONT face=\"Times New Roman\">15\/07\/05<\/FONT><\/I><\/P><br \/>\n<P><FONT face=\"Times New Roman\">Den 15 juli \u00e4r \u00e5rsdagen d\u00e5 Assyriska Demokratiska organisationen, ADO grundades. Dess tillkomst var en reaktion p\u00e5 d\u00e5tiden arabiseringsprocess i mellan\u00f6stern och inte minst i Syrien. F\u00f6r f\u00f6rsta g\u00e5ngen fick assyrierna en politisk r\u00f6relse som p\u00e5 allvar kunde verka f\u00f6r v\u00e5rt folks r\u00e4ttigheter i heml\u00e4nderna. P\u00e5 samma s\u00e4tt har ADO varit en central politisk kraft i diasporan under flera decennier. <\/FONT><\/P><br \/>\n<P><FONT face=\"Times New Roman\">Demokratins vindar forts\u00e4tter att bl\u00e5sa \u00f6ver mellan\u00f6stern. USA har lanserat en ny strategi f\u00f6r regionen och tidigare allianser ers\u00e4tts nu av nya. Utvecklingen \u00e4r i grunden positiv men sl\u00e5r samtidigt oerh\u00f6rt h\u00e5rt mot de grupper som mer eller medvetet exkluderas i denna process. Det \u00e4r ingen \u00f6verdrift att h\u00e4vda att situationen f\u00f6r assyrierna i Irak \u00e4r kritisk. <\/FONT><\/P><br \/>\n<P><FONT face=\"Times New Roman\">H\u00e4ndelseutvecklingen i Irak har varit allt annat en fredlig. V\u00e5rt folk \u00e4r alltj\u00e4mt m\u00e5ltavla f\u00f6r terrorister i landet. Varken kyrkor eller religi\u00f6sa f\u00f6retr\u00e4dare har undantagits. Valet till det nya parlamentet visade sig bli en fars n\u00e4r hundratusentals assyrier f\u00f6rv\u00e4grades m\u00f6jligheten att utse egna f\u00f6retr\u00e4dare. ADO riktade i tydliga ordalag kritik mot valmyndigheten i Irak och vi t\u00e4nker ocks\u00e5 agera lika kraftfullt nu n\u00e4r ytterligare ett val st\u00e5r f\u00f6r d\u00f6rren. Vi uppmanar d\u00e4rf\u00f6r assyrierna v\u00e4rlden \u00f6ver att kraftsamla inf\u00f6r n\u00e4sta val. ADO kommer samtidigt att g\u00f6ra sitt yttersta f\u00f6r att n\u00e5 en assyrisk koalition i landet. <\/FONT><\/P><br \/>\n<P><FONT face=\"Times New Roman\">I Syrien h\u00f6js r\u00f6sterna f\u00f6r demokratisering och politiska reformer. Syriens tillbakadragande fr\u00e5n Libanon var ett uttryck f\u00f6r den press som regimen i Damaskus uts\u00e4tts f\u00f6r, fr\u00e4mst fr\u00e5n USA. ADO har under det g\u00e5ngna \u00e5ret blivit en klar r\u00f6st f\u00f6r \u00f6kad demokrati och politisk pluralism. De politiska reformer som omn\u00e4mnts v\u00e4cker f\u00f6rhoppning om att assyrierna och ADO nu p\u00e5 allvar kan ta plats p\u00e5 den syriska politiska arenan. <\/FONT><\/P><br \/>\n<P><FONT face=\"Times New Roman\">I april i \u00e5r var det 90-\u00e5rsdagen av folkmordet p\u00e5 assyrierna i Turkiet. Det har manifesterats i en rad l\u00e4nder i exil, inte minst i Sverige d\u00e4r det fick stor uppm\u00e4rksamhet i media. ADO kommer att driva kravet om ett erk\u00e4nnande av det folkmord som kostade \u00f6ver 500&nbsp;000 assyrier livet. Det arbetet \u00e4r l\u00e5ngt ifr\u00e5n avslutat. Efter 48 \u00e5r i den assyriska nationens tj\u00e4nst \u00e4r ADO&#8217;s budskap att forts\u00e4tta kampen f\u00f6r det assyriska folkets r\u00e4ttigheter, i heml\u00e4nderna och i exil. <\/FONT><\/P><br \/>\n<P><B><FONT face=\"Times New Roman\"><\/FONT><\/B>&nbsp;<\/P><br \/>\n<P><B><FONT face=\"Times New Roman\">Assyriska Demokratiska Organisationen, ADO<\/FONT><\/B><\/P><br \/>\n<P><B><I><FONT face=\"Times New Roman\">Sverige Sektionen<\/FONT><\/I><\/B><\/P><\/p>\n","protected":false},"excerpt":{"rendered":"<p>Enighet, solidaritet och fortsatt kamp f\u00f6r assyriernas r\u00e4ttigheter S\u00f6dert\u00e4lje15\/07\/05 Den 15 juli \u00e4r \u00e5rsdagen d\u00e5 Assyriska Demokratiska organisationen, ADO grundades. Dess tillkomst var en reaktion p\u00e5 d\u00e5tiden arabiseringsprocess i mellan\u00f6stern och inte minst i Syrien. F\u00f6r f\u00f6rsta g\u00e5ngen fick assyrierna en politisk r\u00f6relse som p\u00e5 allvar kunde verka f\u00f6r v\u00e5rt folks r\u00e4ttigheter i heml\u00e4nderna. P\u00e5 &hellip;<\/p>\n","protected":false},"author":1,"featured_media":0,"comment_status":"open","ping_status":"open","sticky":false,"template":"","format":"standard","meta":{"footnotes":""},"categories":[6],"tags":[],"class_list":["post-1255","post","type-post","status-publish","format-standard","","category-press-releases"],"jetpack_featured_media_url":"","_links":{"self":[{"href":"https:\/\/ado-world.com\/en\/wp-json\/wp\/v2\/posts\/1255","targetHints":{"allow":["GET"]}}],"collection":[{"href":"https:\/\/ado-world.com\/en\/wp-json\/wp\/v2\/posts"}],"about":[{"href":"https:\/\/ado-world.com\/en\/wp-json\/wp\/v2\/types\/post"}],"author":[{"embeddable":true,"href":"https:\/\/ado-world.com\/en\/wp-json\/wp\/v2\/users\/1"}],"replies":[{"embeddable":true,"href":"https:\/\/ado-world.com\/en\/wp-json\/wp\/v2\/comments?post=1255"}],"version-history":[{"count":0,"href":"https:\/\/ado-world.com\/en\/wp-json\/wp\/v2\/posts\/1255\/revisions"}],"wp:attachment":[{"href":"https:\/\/ado-world.com\/en\/wp-json\/wp\/v2\/media?parent=1255"}],"wp:term":[{"taxonomy":"category","embeddable":true,"href":"https:\/\/ado-world.com\/en\/wp-json\/wp\/v2\/categories?post=1255"},{"taxonomy":"post_tag","embeddable":true,"href":"https:\/\/ado-world.com\/en\/wp-json\/wp\/v2\/tags?post=1255"}],"curies":[{"name":"wp","href":"https:\/\/api.w.org\/{rel}","templated":true}]}}