{"id":1251,"date":"2005-04-22T19:42:59","date_gmt":"2005-04-22T19:42:59","guid":{"rendered":""},"modified":"2010-10-01T20:26:50","modified_gmt":"2010-10-01T20:26:50","slug":"svardets-ar-seyfo-far-inte-glommas","status":"publish","type":"post","link":"https:\/\/ado-world.com\/en\/svardets-ar-seyfo-far-inte-glommas\/","title":{"rendered":"Sv\u00e4rdets \u00e5r \u2013 Seyfo \u2013 f\u00e5r inte gl\u00f6mmas!"},"content":{"rendered":"<p><P class=MsoNormal style=\"MARGIN: 0cm 0cm 0pt\"><FONT face=verdana>1915 iscensattes ett av de st\u00f6rsta\/f\u00f6rsta folkmorden i modern tid. Det var fr\u00e5n denna h\u00e4ndelse som Hitler h\u00e4mtade inspiration d\u00e5 han l\u00e4t m\u00f6rda miljontals m\u00e4nniskor i Europa. <\/FONT><br \/>\n<DIV><FONT face=verdana><\/FONT><\/DIV><br \/>\n<P class=MsoNormal style=\"MARGIN: 0cm 0cm 0pt\"><FONT face=verdana> <\/FONT><br \/>\n<DIV><FONT face=verdana><\/FONT><\/DIV><br \/>\n<P class=MsoNormal style=\"MARGIN: 0cm 0cm 0pt\"><FONT face=verdana>Folkmordet p\u00e5 assyrier (som \u00e4ven kallas f\u00f6r syrianer och kald\u00e9er) i Turkiet \u00e4r en relativt ok\u00e4nd h\u00e4ndelse i allm\u00e4nhetens medvetande. \u00d6ver en halv miljon m\u00e4nniskor m\u00f6rdades i <\/FONT><br \/>\n<DIV><FONT face=verdana><\/FONT><\/DIV><br \/>\n<P class=MsoNormal style=\"MARGIN: 0cm 0cm 0pt\"><FONT face=verdana>skuggan av f\u00f6rsta v\u00e4rldskriget. St\u00e4der som Urhoy (Urfa) Omid, Adana, Milatini (Malatya), Van, Hakkari fullkomligt t\u00f6mdes p\u00e5 sin assyriska befolkning. I och med folkmordet decimerades assyriernas antal och de f\u00f6rblev en minoritet i sitt eget hemland. <\/FONT><br \/>\n<DIV><FONT face=verdana><\/FONT><\/DIV><br \/>\n<P class=MsoNormal style=\"MARGIN: 0cm 0cm 0pt\"><FONT face=verdana> <\/FONT><br \/>\n<DIV><FONT face=verdana><\/FONT><\/DIV><br \/>\n<P class=MsoNormal style=\"MARGIN: 0cm 0cm 0pt\"><FONT face=verdana>Idag \u00e5terst\u00e5r en spillra av folkgruppen i denna region och de allra flesta lever idag i diaspora. Nu n\u00e4r Turkiet f\u00e5tt klartecken f\u00f6r f\u00f6rhandlingar ett eventuellt EU-medlemskap v\u00e4cks \u00e5ter f\u00f6rhoppningar om att kunna s\u00e4tta fokus p\u00e5 folkmordet. <\/FONT><br \/>\n<DIV><FONT face=verdana><\/FONT><\/DIV><br \/>\n<P class=MsoNormal style=\"MARGIN: 0cm 0cm 0pt\"><FONT face=verdana> <\/FONT><br \/>\n<DIV><FONT face=verdana><\/FONT><\/DIV><br \/>\n<P class=MsoNormal style=\"MARGIN: 0cm 0cm 0pt\"><FONT face=verdana>Unionens medlemmar b\u00f6r utan tvivel vara stater som tydligt st\u00e5r f\u00f6r demokrati och m\u00e4nskliga r\u00e4ttigheter. F\u00f6r att Turkiet ska kunna kalla sig ett demokratiskt land, som v\u00e4rnar om de m\u00e4nskliga r\u00e4ttigheterna, m\u00e5ste man g\u00f6ra upp med sitt f\u00f6rflutna och erk\u00e4nna de of\u00f6rr\u00e4tter som beg\u00e5tts mot folkgrupper som fortfarande bor i landet. Men trots att 90 \u00e5r g\u00e5tt sedan f\u00f6rintelsen av assyrierna i Turkiet 1915, forts\u00e4tter den turkiska staten att aktivt f\u00f6rneka folkmordet. <\/FONT><br \/>\n<DIV><FONT face=verdana><\/FONT><\/DIV><br \/>\n<P class=MsoNormal style=\"MARGIN: 0cm 0cm 0pt\"><FONT face=verdana> <\/FONT><br \/>\n<DIV><FONT face=verdana><\/FONT><\/DIV><br \/>\n<P class=MsoNormal style=\"MARGIN: 0cm 0cm 0pt\"><FONT face=verdana>Undertecknade organisationer anser att ansvar ocks\u00e5 \u00e5ligger \u00f6vriga l\u00e4nder inom EU. Ett erk\u00e4nnande fr\u00e5n omv\u00e4rlden skulle definitivt inneb\u00e4ra att Turkiet tvingats ge offren och deras anh\u00f6riga uppr\u00e4ttelse, p\u00e5 s\u00e4tt skulle ocks\u00e5 Turkiets \u00f6ppna \u00e5dror kunna b\u00f6rja l\u00e4ka. Ty det vore skam f\u00f6r EU att integrera Turkiet i unionen innan dess historia \u00e4r rannsakat. <\/FONT><br \/>\n<DIV><FONT face=verdana><\/FONT><\/DIV><br \/>\n<P class=MsoNormal style=\"MARGIN: 0cm 0cm 0pt\"><FONT face=verdana> <\/FONT><br \/>\n<DIV><FONT face=verdana><\/FONT><\/DIV><br \/>\n<P class=MsoNormal style=\"MARGIN: 0cm 0cm 0pt\"><FONT face=verdana>Vi kr\u00e4ver av den svenska regeringen <\/FONT><br \/>\n<DIV><FONT face=verdana><\/FONT><\/DIV><br \/>\n<UL style=\"MARGIN-TOP: 0cm\" type=disc><br \/>\n<LI class=MsoNormal style=\"MARGIN: 0cm 0cm 0pt; tab-stops: list 36.0pt; mso-list: l0 level1 lfo1\"><FONT face=verdana>Att erk\u00e4nna folkmordet p\u00e5 assyrier <\/FONT><br \/>\n<LI class=MsoNormal style=\"MARGIN: 0cm 0cm 0pt; tab-stops: list 36.0pt; mso-list: l0 level1 lfo1\"><FONT face=verdana>Att folkmordet p\u00e5 assyrier tas upp p\u00e5 EUs politiska agenda. <\/FONT><br \/>\n<LI class=MsoNormal style=\"MARGIN: 0cm 0cm 0pt; tab-stops: list 36.0pt; mso-list: l0 level1 lfo1\"><FONT face=verdana>Att EU skall arbeta f\u00f6r att Turkiet skall erk\u00e4nna folkmordet p\u00e5 assyrier.<\/FONT><\/LI><\/UL><br \/>\n<P class=MsoNormal style=\"MARGIN: 0cm 0cm 0pt\"><FONT face=verdana><?xml:namespace prefix = o ns = \"urn:schemas-microsoft-com:office:office\" \/><o:p>&nbsp;<\/o:p> <\/FONT><br \/>\n<DIV><FONT face=verdana><\/FONT><\/DIV><br \/>\n<P class=MsoNormal style=\"MARGIN: 0cm 0cm 0pt\"><FONT face=verdana><o:p>&nbsp;<\/o:p> <\/FONT><br \/>\n<DIV><FONT face=verdana><\/FONT><\/DIV><br \/>\n<P class=MsoNormal style=\"MARGIN: 0cm 0cm 0pt 18pt\"><B><FONT face=verdana>Assyriska Riksf\u00f6rbundet i Sverige, ARS<o:p><\/o:p> <\/FONT><\/B><br \/>\n<DIV><FONT face=verdana><\/FONT><\/DIV><br \/>\n<P class=MsoNormal style=\"MARGIN: 0cm 0cm 0pt 18pt\"><B><FONT face=verdana>Assyriska Demokratiska Organisationen, ADO<o:p><\/o:p> <\/FONT><\/B><br \/>\n<DIV><FONT face=verdana><\/FONT><\/DIV><br \/>\n<P class=MsoNormal style=\"MARGIN: 0cm 0cm 0pt 18pt\"><B><FONT face=verdana>Assyriska Demokratiska R\u00f6relsen, ADR<o:p><\/o:p> <\/FONT><\/B><br \/>\n<DIV><FONT face=verdana><\/FONT><\/DIV><br \/>\n<P class=MsoNormal style=\"MARGIN: 0cm 0cm 0pt 18pt\"><FONT face=\"Times New Roman\"><B><FONT face=verdana>Assyriens Befrielse Parti, GFA<\/FONT><\/B> <\/FONT><\/P><\/p>\n","protected":false},"excerpt":{"rendered":"<p>1915 iscensattes ett av de st\u00f6rsta\/f\u00f6rsta folkmorden i modern tid. Det var fr\u00e5n denna h\u00e4ndelse som Hitler h\u00e4mtade inspiration d\u00e5 han l\u00e4t m\u00f6rda miljontals m\u00e4nniskor i Europa. Folkmordet p\u00e5 assyrier (som \u00e4ven kallas f\u00f6r syrianer och kald\u00e9er) i Turkiet \u00e4r en relativt ok\u00e4nd h\u00e4ndelse i allm\u00e4nhetens medvetande. \u00d6ver en halv miljon m\u00e4nniskor m\u00f6rdades i skuggan &hellip;<\/p>\n","protected":false},"author":1,"featured_media":0,"comment_status":"open","ping_status":"open","sticky":false,"template":"","format":"standard","meta":{"footnotes":""},"categories":[6],"tags":[],"class_list":["post-1251","post","type-post","status-publish","format-standard","","category-press-releases"],"jetpack_featured_media_url":"","_links":{"self":[{"href":"https:\/\/ado-world.com\/en\/wp-json\/wp\/v2\/posts\/1251","targetHints":{"allow":["GET"]}}],"collection":[{"href":"https:\/\/ado-world.com\/en\/wp-json\/wp\/v2\/posts"}],"about":[{"href":"https:\/\/ado-world.com\/en\/wp-json\/wp\/v2\/types\/post"}],"author":[{"embeddable":true,"href":"https:\/\/ado-world.com\/en\/wp-json\/wp\/v2\/users\/1"}],"replies":[{"embeddable":true,"href":"https:\/\/ado-world.com\/en\/wp-json\/wp\/v2\/comments?post=1251"}],"version-history":[{"count":0,"href":"https:\/\/ado-world.com\/en\/wp-json\/wp\/v2\/posts\/1251\/revisions"}],"wp:attachment":[{"href":"https:\/\/ado-world.com\/en\/wp-json\/wp\/v2\/media?parent=1251"}],"wp:term":[{"taxonomy":"category","embeddable":true,"href":"https:\/\/ado-world.com\/en\/wp-json\/wp\/v2\/categories?post=1251"},{"taxonomy":"post_tag","embeddable":true,"href":"https:\/\/ado-world.com\/en\/wp-json\/wp\/v2\/tags?post=1251"}],"curies":[{"name":"wp","href":"https:\/\/api.w.org\/{rel}","templated":true}]}}