{"id":1248,"date":"2005-03-25T10:30:32","date_gmt":"2005-03-25T10:30:32","guid":{"rendered":""},"modified":"2010-10-01T20:26:50","modified_gmt":"2010-10-01T20:26:50","slug":"demonstration-in-memorial-of-the-assyrian-syriac-genocide-sayfo-1915-2005","status":"publish","type":"post","link":"https:\/\/ado-world.com\/en\/demonstration-in-memorial-of-the-assyrian-syriac-genocide-sayfo-1915-2005\/","title":{"rendered":"Demonstration in memorial of the Assyrian-syriac Genocide Sayfo 1915 \u2013 2005"},"content":{"rendered":"<p><P class=MsoNormal style=\"BORDER-RIGHT: medium none; PADDING-RIGHT: 0cm; BORDER-TOP: medium none; PADDING-LEFT: 0cm; PADDING-BOTTOM: 0cm; MARGIN: 0cm 0cm 0pt; BORDER-LEFT: medium none; PADDING-TOP: 0cm; BORDER-BOTTOM: medium none; mso-border-bottom-alt: solid windowtext .75pt; mso-padding-alt: 0cm 0cm 1.0pt 0cm\"><SPAN lang=EN-GB style=\"mso-ansi-language: EN-GB\">More information will be follow<?xml:namespace prefix = o ns = \"urn:schemas-microsoft-com:office:office\" \/><o:p><\/o:p><\/SPAN><\/P><\/p>\n<hr>\n<p><P dir=rtl style=\"DIRECTION: rtl; LINE-HEIGHT: 13pt; unicode-bidi: embed; TEXT-ALIGN: center; mso-line-height-rule: exactly\"><br \/>\n<span lang=\"EN-GB\" style=\"font-size: 14pt; color: #4600C8; font-family: Arial\"><\/p>\n<p>SAYFO CENTRE<BR><br \/>\n<\/span><\/p>\n<p><BR><br \/>\n<span lang=\"EN-GB\" style=\"font-size: 13pt; font-family: Arial\"><\/p>\n<p>(Rassemblement d\u2019organisations et associations chaldoassyrienne syriaques en Europe)<br \/>\n<BR><br \/>\n<BR><br \/>\nOrganise une Manifestation<br \/>\n &Agrave; l\u2019occasion des comm\u00e9morations du G\u00e9nocide des Assyrien-syriaques Sayfo 1915 &#8211; 2005<\/p>\n<p><BR><br \/>\n<BR><br \/>\n<b><br \/>\n\u00ab Pour le droit \u00e0 la m\u00e9moire<BR><br \/>\nLe 90e  anniversaire  d\u2019un g\u00e9nocide  ni\u00e9 et occult\u00e9 ! \u00bb<br \/>\n<\/b><br \/>\n<\/span><\/p>\n<p><BR><br \/>\n<P dir=rtl style=\"DIRECTION: rtl; LINE-HEIGHT: 13pt; unicode-bidi: embed; TEXT-ALIGN: left; mso-line-height-rule: exactly\"><br \/>\n<span lang=\"EN-GB\" style=\"font-size: 10pt; font-family: Arial\"><\/p>\n<p>Le samedi 23 avril 2005  De 13h30 \u00e0 16h30<br \/>\n<BR><\/p>\n<p>Parlement Europ\u00e9en \u2013 Bruxelles<br \/>\n<BR><br \/>\n<\/span><\/p>\n<hr>\n<p><BR><\/p>\n<p><P dir=rtl style=\"DIRECTION: rtl; LINE-HEIGHT: 16pt; unicode-bidi: embed; TEXT-ALIGN: center; mso-line-height-rule: exactly\"><br \/>\n<span lang=\"AR-SY\" style=\"FONT-SIZE: 14pt; color: #4600C8; FONT-FAMILY: 'Simplified Arabic'\"><br \/>\n<b><\/p>\n<p>&#8221; \u00ca\u00d3\u00da\u00e6\u00e4 \u00da\u00c7\u00e3\u00c7 \u00e1\u00e3 \u00e6\u00e1\u00e4 \u00ca\u00cd\u00cc\u00c8 \u00c7\u00e1\u00cd\u00de\u00ed\u00de\u00c9 &#8221;<br \/>\n<\/b><\/p>\n<p><\/span><br \/>\n<BR><br \/>\n<BR><br \/>\n<BR><br \/>\n<span lang=\"AR-SY\" style=\"FONT-SIZE: 14pt; FONT-FAMILY: 'Simplified Arabic'\"><\/p>\n<p><b><\/p>\n<p>\u00cf\u00da\u00e6\u00c9 \u00da\u00c7\u00e3\u00dc\u00c9<br \/>\n<\/b><br \/>\n<\/span><\/p>\n<p><BR><br \/>\n<P dir=rtl style=\"DIRECTION: rtl; LINE-HEIGHT: 16pt; unicode-bidi: embed; TEXT-ALIGN: center; mso-line-height-rule: exactly\"><br \/>\n<span lang=\"AR-SY\" style=\"FONT-SIZE: 11pt; FONT-FAMILY: 'Simplified Arabic'\"><\/p>\n<p> \u00c8\u00e3\u00e4\u00c7\u00d3\u00c8\u00c9 \u00c7\u00e1\u00d0\u00df\u00d1\u00ec \u00c7\u00e1\u00ca\u00d3\u00da\u00ed\u00e4 \u00e1\u00e1\u00c5\u00c8\u00c7\u00cf\u00c9 \u00c7\u00e1\u00cc\u00e3\u00c7\u00da\u00ed\u00c9 \u00d3\u00ed\u00dd\u00e6 1915 \u00dc 2005  \u00ed\u00cf\u00da\u00e6 \u00e3\u00d1\u00df\u00d2 \u00d3\u00ed\u00dd\u00e6) \u00ca\u00cc\u00e3\u00da \u00e3\u00d4\u00df\u00e1 \u00e3\u00e4 \u00c3\u00cd\u00d2\u00c7\u00c8 \u00e6\u00e3\u00e4\u00d9\u00e3\u00c7\u00ca \u00e6\u00e3\u00c4\u00d3\u00d3\u00c7\u00ca \u00df\u00e1\u00cf\u00e6\u00c2\u00d4\u00e6\u00d1\u00ed\u00c9 \u00d3\u00d1\u00ed\u00c7\u00e4\u00ed\u00c9 \u00dd\u00ed \u00c3\u00e6\u00d1\u00c8\u00c7) \u00df\u00e1 \u00c3\u00c8\u00e4\u00c7\u00c1 \u00d4\u00da\u00c8\u00e4\u00c7 \u00c7\u00e1\u00e3\u00de\u00ed\u00e3\u00ed\u00e4 \u00dd\u00ed \u00cf\u00e6\u00e1 \u00c7\u00e1\u00c7\u00ca\u00cd\u00c7\u00cf \u00c7\u00e1\u00c3\u00e6\u00d1\u00c8\u00ed \u00e1\u00e1\u00e3\u00d4\u00c7\u00d1\u00df\u00c9 \u00dd\u00ed \u00c7\u00e1\u00e3\u00d9\u00c7\u00e5\u00d1\u00c9 \u00c7\u00e1\u00d3\u00e1\u00e3\u00ed\u00c9 \u00c7\u00e1\u00ca\u00ed \u00d3\u00ca\u00de\u00c7\u00e3 \u00c3\u00e3\u00c7\u00e3 \u00c7\u00e1\u00c8\u00d1\u00e1\u00e3\u00c7\u00e4 \u00c7\u00e1\u00c3\u00e6\u00d1\u00c8\u00ed \u00dd\u00ed  \u00c8\u00d1\u00e6\u00df\u00d3\u00e1 \u00e6\u00d0\u00e1\u00df \u00ed\u00e6\u00e3 \u00c7\u00e1\u00d3\u00c8\u00ca 23 \u00e4\u00ed\u00d3\u00c7\u00e42005 \u00e3\u00e4 \u00c7\u00e1\u00d3\u00c7\u00da\u00c9 \u00c7\u00e1\u00e6\u00c7\u00cd\u00cf\u00c9 \u00e6\u00c7\u00e1\u00e4\u00d5\u00dd \u00cd\u00ca\u00ec \u00c7\u00e1\u00d1\u00c7\u00c8\u00da\u00c9 \u00e6\u00c7\u00e1\u00e4\u00d5\u00dd .<br \/>\n<\/span><\/p>\n<p><BR><\/p>\n<p class=MsoNormal align=center dir=RTL style='text-align:right;direction:\nrtl;unicode-bidi:embed'><span lang=AR-SA style='font-size:11.0pt;font-family:\n\"Arabic Transparent\";color:black'>\u00e3\u00d2\u00ed\u00cf \u00e3\u00e4 \u00c7\u00e1\u00e3\u00da\u00e1\u00e6\u00e3\u00c7\u00ca \u00ca\u00c3\u00ca\u00ed\u00df\u00e3 \u00e1\u00c7\u00cd\u00de\u00c7\u00f0<br \/>\n<\/span><\/p>\n","protected":false},"excerpt":{"rendered":"<p>More information will be follow SAYFO CENTRE (Rassemblement d\u2019organisations et associations chaldoassyrienne syriaques en Europe) Organise une Manifestation &Agrave; l\u2019occasion des comm\u00e9morations du G\u00e9nocide des Assyrien-syriaques Sayfo 1915 &#8211; 2005 \u00ab Pour le droit \u00e0 la m\u00e9moire Le 90e anniversaire d\u2019un g\u00e9nocide ni\u00e9 et occult\u00e9 ! \u00bb Le samedi 23 avril 2005 De 13h30 \u00e0 &hellip;<\/p>\n","protected":false},"author":1,"featured_media":0,"comment_status":"open","ping_status":"open","sticky":false,"template":"","format":"standard","meta":{"footnotes":""},"categories":[6],"tags":[],"class_list":["post-1248","post","type-post","status-publish","format-standard","","category-press-releases"],"jetpack_featured_media_url":"","_links":{"self":[{"href":"https:\/\/ado-world.com\/en\/wp-json\/wp\/v2\/posts\/1248","targetHints":{"allow":["GET"]}}],"collection":[{"href":"https:\/\/ado-world.com\/en\/wp-json\/wp\/v2\/posts"}],"about":[{"href":"https:\/\/ado-world.com\/en\/wp-json\/wp\/v2\/types\/post"}],"author":[{"embeddable":true,"href":"https:\/\/ado-world.com\/en\/wp-json\/wp\/v2\/users\/1"}],"replies":[{"embeddable":true,"href":"https:\/\/ado-world.com\/en\/wp-json\/wp\/v2\/comments?post=1248"}],"version-history":[{"count":0,"href":"https:\/\/ado-world.com\/en\/wp-json\/wp\/v2\/posts\/1248\/revisions"}],"wp:attachment":[{"href":"https:\/\/ado-world.com\/en\/wp-json\/wp\/v2\/media?parent=1248"}],"wp:term":[{"taxonomy":"category","embeddable":true,"href":"https:\/\/ado-world.com\/en\/wp-json\/wp\/v2\/categories?post=1248"},{"taxonomy":"post_tag","embeddable":true,"href":"https:\/\/ado-world.com\/en\/wp-json\/wp\/v2\/tags?post=1248"}],"curies":[{"name":"wp","href":"https:\/\/api.w.org\/{rel}","templated":true}]}}