{"id":1213,"date":"2005-03-07T07:55:20","date_gmt":"2005-03-07T07:55:20","guid":{"rendered":""},"modified":"2010-10-01T20:26:50","modified_gmt":"2010-10-01T20:26:50","slug":"syrien-will-heute-mit-truppenabzug-beginnen","status":"publish","type":"post","link":"https:\/\/ado-world.com\/en\/syrien-will-heute-mit-truppenabzug-beginnen\/","title":{"rendered":"Syrien will heute mit Truppenabzug beginnen"},"content":{"rendered":"<p><P class=b11000000mar5><FONT face=verdana><STRONG>Nach dem steigenden internationalen Druck soll der Abzug der syrischen Soldaten aus dem Libanon heute beschlossen werden.<\/STRONG> <\/FONT><\/P><br \/>\n<P class=b11000000mar5><FONT face=verdana>In Damaskus trete der syrisch-libanesische Oberste Rat zusammen, um den vom syrischen Pr\u00e4sidenten Baschar el Assad angek\u00fcndigten syrischen Truppenabzug aus Libanon formell zu beschlie\u00dfen. <BR><BR>Danach werde die R\u00fcckverlegung der syrischen Truppen beginnen, sagte der libanesische Verteidigungsminister Abdelrahim Murad. <BR><BR>Die Soldaten sollen sich zun\u00e4chst in die Bekaa-Ebene an der Grenze zu Syrien zur\u00fcckziehen, hie\u00df es. Aus libanesischen Sicherheitskreisen verlautete, von den noch 14.000 syrischen Soldaten bef\u00e4nden sich ohnehin bereits rund 10.000 in der Bekaa-Ebene, der Rest im Norden.<BR><BR>An dem Treffen des Obersten Rates nehmen die Pr\u00e4sidenten Assad und \u00c9mile Lahoud, die Ministerpr\u00e4sidenten Mohammed Nadschi el Otari und Omar Karami sowie die Parlamentspr\u00e4sidenten Mahmud el Abrasch und Nabih Berri teil.<BR><BR>Unter steigendem internationalen Druck hatte Assad einen schrittweisen R\u00fcckzug der Truppen seines Landes aus Libanon angek\u00fcndigt. Auf scharfe Kritik stie\u00df in den USA und Europa, dass Assad in seiner Rede vor dem Parlament am Samstag in Damaskus keinen konkreten Zeitplan f\u00fcr den Abzug nannte. <BR><BR>Die USA kritisierten die Ank\u00fcndigung Assads als v\u00f6llig unzureichend. Die Europ\u00e4ische Union verlangte einen klaren Fahrplan, Frankreich zudem eine \u00dcberwachung des Abzugs durch die Vereinten Nationen.<BR><BR>Die prosyrische Hisbollah-Bewegung in Libanon rief f\u00fcr Dienstag zu einer Demonstration in Beirut auf. Hisbollah-Chef Scheich Hassan Nasrallah erkl\u00e4rte als Sprecher aller prosyrischen Kr\u00e4fte: &#8220;Wir weisen alle ausl\u00e4ndischen Einmischungen in libanesische Angelegenheiten zur\u00fcck.&#8221;<BR><BR>Syrien habe mit der Truppenstationierung im Nachbarland &#8220;den B\u00fcrgerkrieg beendet und geholfen, Stabilit\u00e4t&#8221; zu erreichen, sagte Nasrallah. &#8220;Wir sollten daf\u00fcr dankbar sein.&#8221; <BR><BR><SPAN class=author>(dpa)<\/SPAN><\/FONT><\/P><\/p>\n","protected":false},"excerpt":{"rendered":"<p>Nach dem steigenden internationalen Druck soll der Abzug der syrischen Soldaten aus dem Libanon heute beschlossen werden. In Damaskus trete der syrisch-libanesische Oberste Rat zusammen, um den vom syrischen Pr\u00e4sidenten Baschar el Assad angek\u00fcndigten syrischen Truppenabzug aus Libanon formell zu beschlie\u00dfen. Danach werde die R\u00fcckverlegung der syrischen Truppen beginnen, sagte der libanesische Verteidigungsminister Abdelrahim Murad. &hellip;<\/p>\n","protected":false},"author":1,"featured_media":0,"comment_status":"open","ping_status":"open","sticky":false,"template":"","format":"standard","meta":{"footnotes":""},"categories":[12],"tags":[],"class_list":["post-1213","post","type-post","status-publish","format-standard","","category-syria"],"jetpack_featured_media_url":"","_links":{"self":[{"href":"https:\/\/ado-world.com\/en\/wp-json\/wp\/v2\/posts\/1213","targetHints":{"allow":["GET"]}}],"collection":[{"href":"https:\/\/ado-world.com\/en\/wp-json\/wp\/v2\/posts"}],"about":[{"href":"https:\/\/ado-world.com\/en\/wp-json\/wp\/v2\/types\/post"}],"author":[{"embeddable":true,"href":"https:\/\/ado-world.com\/en\/wp-json\/wp\/v2\/users\/1"}],"replies":[{"embeddable":true,"href":"https:\/\/ado-world.com\/en\/wp-json\/wp\/v2\/comments?post=1213"}],"version-history":[{"count":0,"href":"https:\/\/ado-world.com\/en\/wp-json\/wp\/v2\/posts\/1213\/revisions"}],"wp:attachment":[{"href":"https:\/\/ado-world.com\/en\/wp-json\/wp\/v2\/media?parent=1213"}],"wp:term":[{"taxonomy":"category","embeddable":true,"href":"https:\/\/ado-world.com\/en\/wp-json\/wp\/v2\/categories?post=1213"},{"taxonomy":"post_tag","embeddable":true,"href":"https:\/\/ado-world.com\/en\/wp-json\/wp\/v2\/tags?post=1213"}],"curies":[{"name":"wp","href":"https:\/\/api.w.org\/{rel}","templated":true}]}}