{"id":1152,"date":"2005-02-16T13:20:40","date_gmt":"2005-02-16T13:20:40","guid":{"rendered":""},"modified":"2010-10-01T20:26:50","modified_gmt":"2010-10-01T20:26:50","slug":"memorandum-to-the-european-parliament-official-transcript","status":"publish","type":"post","link":"https:\/\/ado-world.com\/en\/memorandum-to-the-european-parliament-official-transcript\/","title":{"rendered":"Memorandum to the European Parliament \u2013 Official Transcript"},"content":{"rendered":"<p><P class=MsoBodyText style=\"MARGIN: 0cm 0cm 0pt\"><B><SPAN lang=EN-GB style=\"FONT-SIZE: 12pt; FONT-FAMILY: 'Times New Roman'\">Mr. Josep Borrell FONTELLES <?xml:namespace prefix = o ns = \"urn:schemas-microsoft-com:office:office\" \/><o:p><\/o:p><\/SPAN><\/B><\/P><br \/>\n<P class=MsoBodyText style=\"MARGIN: 0cm 0cm 0pt\"><B><SPAN lang=EN-GB style=\"FONT-SIZE: 12pt; FONT-FAMILY: 'Times New Roman'\">President of the European Parliament<o:p><\/o:p><\/SPAN><\/B><\/P><br \/>\n<P class=MsoBodyText style=\"MARGIN: 0cm 0cm 0pt\"><B><SPAN lang=EN-GB style=\"FONT-SIZE: 12pt; FONT-FAMILY: 'Times New Roman'\"><o:p>&nbsp;<\/o:p><\/SPAN><\/B><\/P><br \/>\n<P class=MsoBodyText style=\"MARGIN: 0cm 0cm 0pt\"><B><SPAN lang=EN-GB style=\"FONT-SIZE: 12pt; FONT-FAMILY: 'Times New Roman'\"><o:p>&nbsp;<\/o:p><\/SPAN><\/B><\/P><br \/>\n<P class=MsoBodyText style=\"MARGIN: 0cm 0cm 0pt\"><B><SPAN lang=EN-GB style=\"FONT-SIZE: 12pt; FONT-FAMILY: 'Times New Roman'\"><o:p>&nbsp;<\/o:p><\/SPAN><\/B><\/P><br \/>\n<P class=MsoBodyText style=\"MARGIN: 0cm 0cm 0pt\"><B><SPAN lang=EN-GB style=\"FONT-SIZE: 12pt; FONT-FAMILY: 'Times New Roman'\"><o:p>&nbsp;<\/o:p><\/SPAN><\/B><\/P><br \/>\n<P class=MsoBodyText style=\"MARGIN: 0cm 0cm 0pt\"><B><SPAN lang=EN-GB style=\"FONT-SIZE: 12pt; FONT-FAMILY: 'Times New Roman'\"><o:p>&nbsp;<\/o:p><\/SPAN><\/B><\/P><br \/>\n<P class=MsoBodyText style=\"MARGIN: 0cm 0cm 0pt\"><B><SPAN lang=EN-GB style=\"FONT-SIZE: 12pt; FONT-FAMILY: 'Times New Roman'\"><o:p>&nbsp;<\/o:p><\/SPAN><\/B><\/P><br \/>\n<P class=MsoBodyText style=\"MARGIN: 0cm 0cm 0pt\"><B><SPAN lang=EN-GB style=\"FONT-SIZE: 12pt; FONT-FAMILY: 'Times New Roman'\"><o:p>&nbsp;<\/o:p><\/SPAN><\/B><\/P><br \/>\n<P class=MsoBodyText style=\"MARGIN: 0cm 0cm 0pt\"><SPAN lang=EN-GB style=\"FONT-SIZE: 12pt; FONT-FAMILY: 'Times New Roman'\"><o:p>&nbsp;<\/o:p><\/SPAN><\/P><br \/>\n<P class=MsoBodyText style=\"MARGIN: 0cm 0cm 0pt\"><SPAN lang=EN-GB style=\"FONT-SIZE: 12pt; FONT-FAMILY: 'Times New Roman'\"><o:p>&nbsp;<\/o:p><\/SPAN><\/P><br \/>\n<P class=MsoBodyText style=\"MARGIN: 0cm 0cm 0pt\"><SPAN lang=EN-GB style=\"FONT-SIZE: 12pt; FONT-FAMILY: 'Times New Roman'\"><SPAN style=\"mso-spacerun: yes\">&nbsp;&nbsp;&nbsp;&nbsp;&nbsp;&nbsp;&nbsp;&nbsp;&nbsp;&nbsp;&nbsp;&nbsp;&nbsp;&nbsp;&nbsp;&nbsp;&nbsp;&nbsp;&nbsp;&nbsp;&nbsp;&nbsp;&nbsp;&nbsp;&nbsp;&nbsp;&nbsp;&nbsp;&nbsp;&nbsp;&nbsp;&nbsp;&nbsp;&nbsp;&nbsp;&nbsp;&nbsp;&nbsp;&nbsp;&nbsp;&nbsp;&nbsp;&nbsp;&nbsp;&nbsp;&nbsp;&nbsp;&nbsp;&nbsp;&nbsp;&nbsp;&nbsp;&nbsp;&nbsp;&nbsp;&nbsp;&nbsp;&nbsp;&nbsp;&nbsp;&nbsp;&nbsp;&nbsp;&nbsp;&nbsp;&nbsp;&nbsp;&nbsp;&nbsp;&nbsp;&nbsp;&nbsp;&nbsp;&nbsp;&nbsp;&nbsp;&nbsp;&nbsp;&nbsp;&nbsp;&nbsp;&nbsp;&nbsp;&nbsp;&nbsp;&nbsp;&nbsp;&nbsp;&nbsp;&nbsp;&nbsp;&nbsp;&nbsp;&nbsp;&nbsp;&nbsp;&nbsp;&nbsp;&nbsp;&nbsp;&nbsp;&nbsp;&nbsp;&nbsp; <\/SPAN><\/SPAN><?xml:namespace prefix = st1 ns = \"urn:schemas-microsoft-com:office:smarttags\" \/><st1:City><st1:place><SPAN lang=EN-GB style=\"FONT-SIZE: 12pt; FONT-FAMILY: 'Times New Roman'\">Brussels<\/SPAN><\/st1:place><\/st1:City><SPAN lang=EN-GB style=\"FONT-SIZE: 12pt; FONT-FAMILY: 'Times New Roman'\"> <\/SPAN><st1:date Year=\"2005\" Day=\"14\" Month=\"2\"><SPAN lang=EN-GB style=\"FONT-SIZE: 12pt; FONT-FAMILY: 'Times New Roman'\">February 14, 2005<\/SPAN><\/st1:date><SPAN lang=EN-GB style=\"FONT-SIZE: 12pt; FONT-FAMILY: 'Times New Roman'\"><o:p><\/o:p><\/SPAN><\/P><br \/>\n<P class=MsoBodyText style=\"MARGIN: 0cm 0cm 0pt\"><SPAN lang=EN-GB style=\"FONT-SIZE: 12pt; FONT-FAMILY: 'Times New Roman'\"><o:p>&nbsp;<\/o:p><\/SPAN><\/P><br \/>\n<P class=MsoBodyText style=\"MARGIN: 0cm 0cm 0pt\"><SPAN lang=EN-GB style=\"FONT-SIZE: 12pt; FONT-FAMILY: 'Times New Roman'\"><o:p>&nbsp;<\/o:p><\/SPAN><\/P><br \/>\n<P class=MsoBodyText style=\"MARGIN: 0cm 0cm 0pt\"><SPAN lang=EN-GB style=\"FONT-SIZE: 12pt; FONT-FAMILY: 'Times New Roman'\"><o:p>&nbsp;<\/o:p><\/SPAN><\/P><br \/>\n<P class=MsoBodyText style=\"MARGIN: 0cm 0cm 0pt\"><SPAN lang=EN-GB style=\"FONT-SIZE: 12pt; FONT-FAMILY: 'Times New Roman'\"><o:p>&nbsp;<\/o:p><\/SPAN><\/P><br \/>\n<P class=MsoBodyText style=\"MARGIN: 0cm 0cm 0pt\"><SPAN lang=EN-GB style=\"FONT-SIZE: 12pt; FONT-FAMILY: 'Times New Roman'\"><o:p>&nbsp;<\/o:p><\/SPAN><\/P><br \/>\n<P class=MsoBodyText style=\"MARGIN: 0cm 0cm 0pt\"><SPAN lang=EN-GB style=\"FONT-SIZE: 12pt; FONT-FAMILY: 'Times New Roman'\">Dear Mr. Presidents,<o:p><\/o:p><\/SPAN><\/P><br \/>\n<P class=MsoBodyText style=\"MARGIN: 0cm 0cm 0pt; TEXT-ALIGN: justify\"><SPAN lang=EN-GB style=\"FONT-SIZE: 12pt; FONT-FAMILY: 'Times New Roman'\"><o:p>&nbsp;<\/o:p><\/SPAN><\/P><br \/>\n<P class=MsoBodyText style=\"MARGIN: 0cm 0cm 0pt; TEXT-ALIGN: justify\"><SPAN lang=EN-GB style=\"FONT-SIZE: 12pt; FONT-FAMILY: 'Times New Roman'\"><o:p>&nbsp;<\/o:p><\/SPAN><\/P><br \/>\n<P class=MsoBodyText style=\"MARGIN: 0cm 0cm 0pt; TEXT-ALIGN: justify\"><SPAN lang=EN-GB style=\"FONT-SIZE: 12pt; FONT-FAMILY: 'Times New Roman'\"><o:p>&nbsp;<\/o:p><\/SPAN><\/P><br \/>\n<P class=MsoBodyText style=\"MARGIN: 0cm 0cm 0pt; TEXT-ALIGN: justify\"><SPAN lang=EN-GB style=\"FONT-SIZE: 12pt; FONT-FAMILY: 'Times New Roman'\">The ChaldoAssyrian Syriac Christian community throughout Europe (approximately 350,000 people originating from Turkey, Iraq, Syria and Iran) are demonstrating today against yet another injustice perpetrated against the indigenous ChaldoAssyrian people of Iraq, during the historic elections that took place on 30<SUP>th<\/SUP> January 2005.<o:p><\/o:p><\/SPAN><\/P><br \/>\n<P class=MsoBodyText style=\"MARGIN: 0cm 0cm 0pt; TEXT-ALIGN: justify\"><SPAN lang=EN-GB style=\"FONT-SIZE: 12pt; FONT-FAMILY: 'Times New Roman'\"><o:p>&nbsp;<\/o:p><\/SPAN><\/P><br \/>\n<P class=MsoBodyText style=\"MARGIN: 0cm 0cm 0pt; TEXT-ALIGN: justify\"><SPAN lang=EN-GB style=\"FONT-SIZE: 12pt; FONT-FAMILY: 'Times New Roman'\">The demonstration today is underlining our unwavering solidarity with the tens of thousands of ChaldoAssyrian voters in towns and villages in the Nineveh Plains who were excluded from participating in the <\/SPAN><st1:country-region><st1:place><SPAN lang=EN-GB style=\"FONT-SIZE: 12pt; FONT-FAMILY: 'Times New Roman'\">Iraq<\/SPAN><\/st1:place><\/st1:country-region><SPAN lang=EN-GB style=\"FONT-SIZE: 12pt; FONT-FAMILY: 'Times New Roman'\"> elections, therefore we appeal to your esteemed organisation for urgent support and assistance. <o:p><\/o:p><\/SPAN><\/P><br \/>\n<P class=MsoBodyText style=\"MARGIN: 0cm 0cm 0pt; TEXT-ALIGN: justify\"><SPAN lang=EN-GB style=\"FONT-SIZE: 12pt; FONT-FAMILY: 'Times New Roman'\"><o:p>&nbsp;<\/o:p><\/SPAN><\/P><br \/>\n<P class=MsoBodyText style=\"MARGIN: 0cm 0cm 0pt; TEXT-ALIGN: justify\"><SPAN lang=EN-GB style=\"FONT-SIZE: 12pt; FONT-FAMILY: 'Times New Roman'\">In the Nineveh Plains, specifically in the districts of <I style=\"mso-bidi-font-style: normal\">Al-Hamdaniya<\/I> (<I style=\"mso-bidi-font-style: normal\">Qaraqosh-Baghdeda<\/I>), <I style=\"mso-bidi-font-style: normal\">Karamlesh<\/I>, <I style=\"mso-bidi-font-style: normal\">Bartilla<\/I>, <I style=\"mso-bidi-font-style: normal\">Bashiqa<\/I>, <I style=\"mso-bidi-font-style: normal\">Bahzani<\/I> and the district of <I style=\"mso-bidi-font-style: normal\">Al-Shikhan<\/I> (<I style=\"mso-bidi-font-style: normal\">Ain-Safni<\/I>), our people were prevented from exercising their newly-found democratic voting right due to the total absence and\/or limited availability of ballot-boxes, voting forms and presence of election officials.<o:p><\/o:p><\/SPAN><\/P><br \/>\n<P class=MsoBodyText style=\"MARGIN: 0cm 0cm 0pt; TEXT-ALIGN: justify\"><SPAN lang=EN-GB style=\"FONT-SIZE: 12pt; FONT-FAMILY: 'Times New Roman'\"><o:p>&nbsp;<\/o:p><\/SPAN><\/P><br \/>\n<P class=MsoBodyText style=\"MARGIN: 0cm 0cm 0pt; TEXT-ALIGN: justify\"><SPAN lang=EN-GB style=\"FONT-SIZE: 12pt; FONT-FAMILY: 'Times New Roman'\">In addition, several other serious voting irregularities occurred in several towns in the Nineveh Plains and as a consequence ChaldoAssyrian representation within the \u201cdemocratically\u201d elected Iraqi Parliament has been adversely affected: In <I style=\"mso-bidi-font-style: normal\">Tel-Kepe<\/I>, <I style=\"mso-bidi-font-style: normal\">Alqosh<\/I>, <I style=\"mso-bidi-font-style: normal\">Telesqof,<\/I> <I style=\"mso-bidi-font-style: normal\">Batnaya<\/I> and other neighbouring towns and villages, many thousands of ChaldoAssyrians were unable to vote due to a serious shortage of ballot-papers. <o:p><\/o:p><\/SPAN><\/P><br \/>\n<P class=MsoBodyText style=\"MARGIN: 0cm 0cm 0pt; TEXT-ALIGN: justify\"><SPAN lang=EN-GB style=\"FONT-SIZE: 12pt; FONT-FAMILY: 'Times New Roman'\"><o:p>&nbsp;<\/o:p><\/SPAN><\/P><br \/>\n<P class=MsoBodyText style=\"MARGIN: 0cm 0cm 0pt; TEXT-ALIGN: justify\"><SPAN lang=EN-GB style=\"FONT-SIZE: 12pt; FONT-FAMILY: 'Times New Roman'\">Ironically, the majority of our people, particularly in Baghdad and Mosul, who have been under constant physical and mental harassment as well as being specifically targeted by way of cold-blooded murders, kidnappings and bombing of their churches were unable to vote due to major security concerns, however those who were willing to cast their votes in the more secure Nineveh Plains were totally ostracized.<o:p><\/o:p><\/SPAN><\/P><br \/>\n<P class=MsoBodyText style=\"MARGIN: 0cm 0cm 0pt; TEXT-ALIGN: justify\"><SPAN lang=EN-GB style=\"FONT-SIZE: 12pt; FONT-FAMILY: 'Times New Roman'\"><o:p>&nbsp;<\/o:p><\/SPAN><\/P><br \/>\n<P class=MsoBodyText style=\"MARGIN: 0cm 0cm 0pt; TEXT-ALIGN: justify\"><SPAN lang=EN-GB style=\"FONT-SIZE: 12pt; FONT-FAMILY: 'Times New Roman'\">Although numerous official complaints were lodged to various authorities on the day of the elections, including the Independent Electoral Commission of Iraq (IECI), and despite the fact that these authorities assured our people of the commitment to resolve the problems, it is unfortunate and totally unacceptable that the scandal remains unresolved.<SPAN style=\"mso-spacerun: yes\">&nbsp; <\/SPAN><o:p><\/o:p><\/SPAN><\/P><br \/>\n<P class=MsoBodyText style=\"MARGIN: 0cm 0cm 0pt; TEXT-ALIGN: justify\"><SPAN lang=EN-GB style=\"FONT-SIZE: 12pt; FONT-FAMILY: 'Times New Roman'\"><o:p>&nbsp;<\/o:p><\/SPAN><\/P><br \/>\n<P class=MsoBodyText style=\"MARGIN: 0cm 0cm 0pt; TEXT-ALIGN: justify\"><SPAN lang=EN-GB style=\"FONT-SIZE: 12pt; FONT-FAMILY: 'Times New Roman'\">Immediately following receipt of confirmed reports regarding this serious issue, our people throughout the world lodged numerous complaints to the IECI, which in turn acknowledged and accepted that ChaldoAssyrians in the Nineveh Plains were deprived of their democratic voting right. The declaration (No. 15) issued by an investigative delegation of the IECI on Monday, February 7, which was sent to the area concerned confirmed the transgressions and the violations of the electoral law and concluded: <o:p><\/o:p><\/SPAN><\/P><br \/>\n<P class=MsoBodyText style=\"MARGIN: 0cm 0cm 0pt; TEXT-ALIGN: justify\"><SPAN lang=EN-GB style=\"FONT-SIZE: 12pt; FONT-FAMILY: 'Times New Roman'\"><o:p>&nbsp;<\/o:p><\/SPAN><\/P><br \/>\n<P class=MsoBodyText style=\"MARGIN: 0cm 0cm 0pt; TEXT-ALIGN: justify\"><I><SPAN lang=EN-GB style=\"FONT-SIZE: 12pt; FONT-FAMILY: 'Times New Roman'\">&#8220;\u2026the Commission will examine all transgressions hereby mentioned, will separately take measures necessary for each irregularity and will inform the Iraqi opinion of the results of these investigations as quickly as possible&#8221;.<\/SPAN><\/I><SPAN lang=EN-GB style=\"FONT-SIZE: 12pt; FONT-FAMILY: 'Times New Roman'\"><SPAN style=\"mso-spacerun: yes\">&nbsp; <\/SPAN><o:p><\/o:p><\/SPAN><\/P><br \/>\n<P class=MsoBodyText style=\"MARGIN: 0cm 0cm 0pt; TEXT-INDENT: 35.4pt; TEXT-ALIGN: justify\"><SPAN lang=EN-GB style=\"FONT-SIZE: 12pt; FONT-FAMILY: 'Times New Roman'\"><o:p>&nbsp;<\/o:p><\/SPAN><\/P><br \/>\n<P class=MsoBodyText style=\"MARGIN: 0cm 0cm 0pt; TEXT-ALIGN: justify\"><SPAN lang=EN-GB style=\"FONT-SIZE: 12pt; FONT-FAMILY: 'Times New Roman'\">Despite this confirmation, hitherto no practical solution has been adopted in order to resolve the apparent discrimination against the indigenous ChaldoAssyrian Christians in the Nineveh Plains.<o:p><\/o:p><\/SPAN><\/P><br \/>\n<P class=MsoBodyText style=\"MARGIN: 0cm 0cm 0pt; TEXT-ALIGN: justify\"><SPAN lang=EN-GB style=\"FONT-SIZE: 12pt; FONT-FAMILY: 'Times New Roman'\"><o:p>&nbsp;<\/o:p><\/SPAN><\/P><br \/>\n<P class=MsoBodyText style=\"MARGIN: 0cm 0cm 0pt; TEXT-ALIGN: justify\"><SPAN lang=EN-GB style=\"FONT-SIZE: 12pt; FONT-FAMILY: 'Times New Roman'\">It is also worthwhile to mention that within the framework of a federal <\/SPAN><st1:country-region><st1:place><SPAN lang=EN-GB style=\"FONT-SIZE: 12pt; FONT-FAMILY: 'Times New Roman'\">Iraq<\/SPAN><\/st1:place><\/st1:country-region><SPAN lang=EN-GB style=\"FONT-SIZE: 12pt; FONT-FAMILY: 'Times New Roman'\">, the region of Nineveh Plains represents to the majority of ChaldoAssyrian political parties an autonomous administrative area, in accordance with 53d of the Transitional Administrative Law (TAL). The fact that more than 150,000 ChaldoAssyrians, Yezidis, Shabaks, and Turkomens were excluded from voting underlines the existence of a malicious plan to marginalize their representation in the new Iraqi National Assembly. Furthermore, according to reports from the Assyrian International News Agency (AINA), the exclusion of 150,000 eligible voters was deliberately undertaken through the active involvement by the main Kurdish parties in an attempt to undermine independent representation of non-Kurdish minorities in these elections. <o:p><\/o:p><\/SPAN><\/P><br \/>\n<P class=MsoBodyText style=\"MARGIN: 0cm 0cm 0pt; TEXT-ALIGN: justify\"><SPAN lang=EN-GB style=\"FONT-SIZE: 12pt; FONT-FAMILY: 'Times New Roman'\"><o:p>&nbsp;<\/o:p><\/SPAN><\/P><br \/>\n<P class=MsoBodyText style=\"MARGIN: 0cm 0cm 0pt\"><SPAN lang=EN-GB style=\"FONT-SIZE: 12pt; FONT-FAMILY: 'Times New Roman'\">The ChaldoAssyrian syriacs worldwide supported the liberation of <\/SPAN><st1:country-region><st1:place><SPAN lang=EN-GB style=\"FONT-SIZE: 12pt; FONT-FAMILY: 'Times New Roman'\">Iraq<\/SPAN><\/st1:place><\/st1:country-region><SPAN lang=EN-GB style=\"FONT-SIZE: 12pt; FONT-FAMILY: 'Times New Roman'\"> from tyranny, which put an end to the injustices inflicted by the former barbaric regime upon <\/SPAN><st1:country-region><st1:place><SPAN lang=EN-GB style=\"FONT-SIZE: 12pt; FONT-FAMILY: 'Times New Roman'\">Iraq<\/SPAN><\/st1:place><\/st1:country-region><SPAN lang=EN-GB style=\"FONT-SIZE: 12pt; FONT-FAMILY: 'Times New Roman'\">\u2019s mosaic of ethnicities. We painfully now discover that there are <A href=\"http:\/\/dict.leo.org\/se?lp=ende&amp;p=\/Mn4k.&amp;search=malicious\"><SPAN style=\"COLOR: windowtext; TEXT-DECORATION: none; text-underline: none\">malicious<\/SPAN><\/A> plans underway aimed at the exclusion of any possible free and independent representation of ChaldoAssyrians Christians in the coming Iraqi National Assembly and Northern Iraqi Parliament.<BR style=\"mso-special-character: line-break\"><BR style=\"mso-special-character: line-break\"><o:p><\/o:p><\/SPAN><\/P><br \/>\n<P class=MsoBodyText style=\"MARGIN: 0cm 0cm 0pt; TEXT-ALIGN: justify\"><SPAN lang=EN-GB style=\"FONT-SIZE: 12pt; FONT-FAMILY: 'Times New Roman'\">On behalf of our ChaldoAssyrian people in Iraq and worldwide, we ask the European Union to utilise its influence and to exert pressure on those who were oppressed by the ousted Baath regime and who continue to be fully supported by the European Union to this day, to make it absolutely clear that it is totally unacceptable and hypocritical for the oppressed to transform into oppressors.<o:p><\/o:p><\/SPAN><\/P><br \/>\n<P class=MsoBodyText style=\"MARGIN: 0cm 0cm 0pt; TEXT-ALIGN: justify\"><SPAN lang=EN-GB style=\"FONT-SIZE: 12pt; FONT-FAMILY: 'Times New Roman'\"><o:p>&nbsp;<\/o:p><\/SPAN><\/P><br \/>\n<P class=MsoNormal style=\"MARGIN: 0cm 0cm 0pt\"><SPAN lang=EN-GB style=\"mso-ansi-language: EN-GB\">If the legitimate national and political rights of ChaldoAssyrians in <\/SPAN><st1:country-region><st1:place><SPAN lang=EN-GB style=\"mso-ansi-language: EN-GB\">Iraq<\/SPAN><\/st1:place><\/st1:country-region><SPAN lang=EN-GB style=\"mso-ansi-language: EN-GB\"> are not recognised and guaranteed within the permanent Iraqi constitution, which will be written within the next few months, then the world will face yet another large-scale humanitarian crisis, a mass exodus of ChaldoAssyrians from their ancestral homeland will commence.<SPAN style=\"mso-spacerun: yes\">&nbsp; <\/SPAN>It is worthwhile noting that since April 2003, over 40,000 ChaldoAssyrian syriacs have fled <\/SPAN><st1:country-region><st1:place><SPAN lang=EN-GB style=\"mso-ansi-language: EN-GB\">Iraq<\/SPAN><\/st1:place><\/st1:country-region><SPAN lang=EN-GB style=\"mso-ansi-language: EN-GB\"> to neighbouring countries. <o:p><\/o:p><\/SPAN><\/P><br \/>\n<P class=MsoBodyText style=\"MARGIN: 0cm 0cm 0pt; TEXT-ALIGN: justify\"><SPAN lang=EN-GB style=\"FONT-SIZE: 12pt; FONT-FAMILY: 'Times New Roman'\"><o:p>&nbsp;<\/o:p><\/SPAN><\/P><br \/>\n<P class=MsoNormal style=\"MARGIN: 0cm 0cm 0pt\"><SPAN lang=EN-GB style=\"mso-ansi-language: EN-GB\">Yours sincerely,<o:p><\/o:p><\/SPAN><\/P><br \/>\n<P class=MsoBodyText style=\"MARGIN: 0cm 0cm 0pt\"><SPAN lang=EN-GB style=\"FONT-SIZE: 12pt; FONT-FAMILY: 'Times New Roman'\"><o:p>&nbsp;<\/o:p><\/SPAN><\/P><br \/>\n<P class=MsoBodyText style=\"MARGIN: 0cm 0cm 0pt\"><SPAN lang=EN-GB style=\"FONT-SIZE: 12pt; FONT-FAMILY: 'Times New Roman'\">On behalf the Committee<o:p><\/o:p><\/SPAN><\/P><br \/>\n<P class=MsoBodyText style=\"MARGIN: 0cm 0cm 0pt\"><SPAN lang=EN-GB style=\"FONT-SIZE: 12pt; FONT-FAMILY: 'Times New Roman'\"><o:p>&nbsp;<\/o:p><\/SPAN><\/P><br \/>\n<P class=MsoBodyText style=\"MARGIN: 0cm 0cm 0pt\"><SPAN lang=EN-GB style=\"FONT-SIZE: 12pt; FONT-FAMILY: 'Times New Roman'\"><o:p>&nbsp;<\/o:p><\/SPAN><\/P><br \/>\n<P class=MsoBodyText style=\"MARGIN: 0cm 0cm 0pt\"><SPAN lang=EN-GB style=\"FONT-SIZE: 12pt; FONT-FAMILY: 'Times New Roman'\"><o:p>&nbsp;<\/o:p><\/SPAN><\/P><br \/>\n<P class=MsoBodyText style=\"MARGIN: 0cm 0cm 0pt\"><SPAN style=\"FONT-SIZE: 12pt; FONT-FAMILY: 'Times New Roman'; mso-ansi-language: FR\">Abdulahad ASTEPHO<o:p><\/o:p><\/SPAN><\/P><br \/>\n<P class=MsoBodyText style=\"MARGIN: 0cm 0cm 0pt\"><SPAN style=\"FONT-SIZE: 12pt; FONT-FAMILY: 'Times New Roman'; mso-ansi-language: FR\"><o:p>&nbsp;<\/o:p><\/SPAN><\/P><br \/>\n<P class=MsoBodyText style=\"MARGIN: 0cm 0cm 0pt\"><SPAN style=\"FONT-SIZE: 12pt; FONT-FAMILY: 'Times New Roman'; mso-ansi-language: FR\">Tel&nbsp;: + 32 (0) 475 69 83 80<o:p><\/o:p><\/SPAN><\/P><br \/>\n<P class=MsoBodyText style=\"MARGIN: 0cm 0cm 0pt\"><SPAN lang=EN-GB style=\"FONT-SIZE: 12pt; FONT-FAMILY: 'Times New Roman'\">Fax: + 32 (0) 10 45 21 84<o:p><\/o:p><\/SPAN><\/P><br \/>\n<P class=MsoBodyText style=\"MARGIN: 0cm 0cm 0pt\"><SPAN lang=EN-GB style=\"FONT-SIZE: 12pt; FONT-FAMILY: 'Times New Roman'\">E-mail: astephoa@hotmail.com<SPAN style=\"mso-spacerun: yes\">&nbsp; <\/SPAN><o:p><\/o:p><\/SPAN><\/P><br \/>\n<P class=MsoBodyText style=\"MARGIN: 0cm 0cm 0pt\"><SPAN lang=EN-GB style=\"FONT-SIZE: 12pt; FONT-FAMILY: 'Times New Roman'\"><o:p>&nbsp;<\/o:p><\/SPAN><\/P><br \/>\n<P class=MsoBodyText style=\"MARGIN: 0cm 0cm 0pt\"><SPAN lang=EN-GB style=\"FONT-SIZE: 12pt; FONT-FAMILY: 'Times New Roman'\"><o:p>&nbsp;<\/o:p><\/SPAN><\/P><br \/>\n<P class=MsoBodyText style=\"MARGIN: 0cm 0cm 0pt\"><B><SPAN lang=EN-GB style=\"FONT-SIZE: 12pt\"><FONT face=Arial>Iraqi Elections Support and Follow-Up Committee<o:p><\/o:p><\/FONT><\/SPAN><\/B><\/P><br \/>\n<P class=MsoNormal style=\"MARGIN: 0cm 0cm 0pt\"><B><SPAN lang=EN-GB style=\"mso-ansi-language: EN-GB\"><o:p>&nbsp;<\/o:p><\/SPAN><\/B><\/P><br \/>\n<P class=MsoBodyTextIndent style=\"MARGIN: 0cm 0cm 6pt 18pt\"><SPAN lang=EN-GB style=\"mso-ansi-language: EN-GB\">&#8211; Assyrian Democratic Organisation (<\/SPAN><st1:City><st1:place><SPAN lang=EN-GB style=\"mso-ansi-language: EN-GB\">ADO<\/SPAN><\/st1:place><\/st1:City><SPAN lang=EN-GB style=\"mso-ansi-language: EN-GB\">) \u2013 Abroad sections<o:p><\/o:p><\/SPAN><\/P><br \/>\n<P class=MsoBodyTextIndent style=\"MARGIN: 0cm 0cm 6pt 18pt\"><SPAN lang=EN-GB style=\"mso-ansi-language: EN-GB\">&#8211; Assyrian Democratic Movement (ADM) \u2013 <\/SPAN><st1:place><SPAN lang=EN-GB style=\"mso-ansi-language: EN-GB\">Europe<\/SPAN><\/st1:place><SPAN lang=EN-GB style=\"mso-ansi-language: EN-GB\"><o:p><\/o:p><\/SPAN><\/P><br \/>\n<P class=MsoBodyTextIndent style=\"MARGIN: 0cm 0cm 6pt 18pt\"><SPAN lang=EN-GB style=\"mso-ansi-language: EN-GB\">&#8211; Shuraya Party \u2013 <\/SPAN><st1:place><SPAN lang=EN-GB style=\"mso-ansi-language: EN-GB\">Europe<\/SPAN><\/st1:place><SPAN lang=EN-GB style=\"mso-ansi-language: EN-GB\"><o:p><\/o:p><\/SPAN><\/P><br \/>\n<P class=MsoBodyTextIndent style=\"MARGIN: 0cm 0cm 6pt 18pt\"><SPAN lang=DE style=\"mso-ansi-language: DE\">&#8211; Assyrian Liberation Party (GFA)<o:p><\/o:p><\/SPAN><\/P><br \/>\n<P class=MsoNormal style=\"MARGIN: 0cm 0cm 0pt\"><SPAN lang=DE style=\"FONT-SIZE: 10pt; mso-ansi-language: DE\"><SPAN style=\"mso-spacerun: yes\">&nbsp;&nbsp;&nbsp;&nbsp; <\/SPAN><SPAN style=\"mso-spacerun: yes\">&nbsp;&nbsp;<\/SPAN><\/SPAN><SPAN lang=DE style=\"mso-ansi-language: DE\">&#8211;<SPAN style=\"mso-spacerun: yes\">&nbsp; <\/SPAN>Di\u00f6zesanrat der Syrisch \u2013 Orthodoxen Kirche von Antiochien in Deutschland<o:p><\/o:p><\/SPAN><\/P><br \/>\n<P class=MsoBodyTextIndent style=\"MARGIN: 0cm 0cm 6pt 18pt\"><SPAN lang=EN-GB style=\"mso-ansi-language: EN-GB\">&#8211;<SPAN style=\"mso-spacerun: yes\">&nbsp; <\/SPAN>Assyrian Federation in <\/SPAN><st1:country-region><st1:place><SPAN lang=EN-GB style=\"mso-ansi-language: EN-GB\">Sweden<\/SPAN><\/st1:place><\/st1:country-region><SPAN lang=EN-GB style=\"mso-ansi-language: EN-GB\"> (ARS)<o:p><\/o:p><\/SPAN><\/P><br \/>\n<P class=MsoBodyTextIndent style=\"MARGIN: 0cm 0cm 6pt 18pt\"><SPAN lang=EN-GB style=\"mso-ansi-language: EN-GB\">&#8211; Assyrian Federation in <\/SPAN><st1:place><SPAN lang=EN-GB style=\"mso-ansi-language: EN-GB\">Europe<\/SPAN><\/st1:place><SPAN lang=EN-GB style=\"mso-ansi-language: EN-GB\"> (ZAVD)<o:p><\/o:p><\/SPAN><\/P><br \/>\n<P class=MsoBodyTextIndent style=\"MARGIN: 0cm 0cm 6pt 18pt\">&#8211; Tour Abdin Federation in Holland<\/P><br \/>\n<P class=MsoBodyTextIndent style=\"MARGIN: 0cm 0cm 6pt 18pt\">&#8211; Association des Assyro-chald\u00e9ens de France<\/P><br \/>\n<P class=MsoBodyTextIndent style=\"MARGIN: 0cm 0cm 6pt 18pt\"><SPAN lang=EN-GB style=\"mso-ansi-language: EN-GB\">&#8211; Assyrian Society of the <\/SPAN><st1:country-region><st1:place><SPAN lang=EN-GB style=\"mso-ansi-language: EN-GB\">United Kingdom<\/SPAN><\/st1:place><\/st1:country-region><SPAN lang=EN-GB style=\"mso-ansi-language: EN-GB\"><o:p><\/o:p><\/SPAN><\/P><br \/>\n<P class=MsoBodyTextIndent style=\"MARGIN: 0cm 0cm 6pt 18pt\">&#8211; Institut Assyrien d\u2019Europe (INASE) \u2013 Bruxelles<\/P><br \/>\n<P class=MsoBodyTextIndent style=\"MARGIN: 0cm 0cm 6pt 18pt\">&#8211;<SPAN style=\"mso-spacerun: yes\">&nbsp; <\/SPAN>F\u00e9d\u00e9ration syriaque aram\u00e9enne de Belgique<\/P><br \/>\n<P class=MsoBodyTextIndent style=\"MARGIN: 0cm 0cm 6pt 18pt\">&#8211; Centre Culturel de <st1:PersonName ProductID=\"la Tour\">la Tour<\/st1:PersonName> de Babel &#8211; Bruxelles<\/P><br \/>\n<P class=MsoBodyTextIndent style=\"MARGIN: 0cm 0cm 6pt 18pt\"><SPAN lang=NL style=\"mso-ansi-language: NL\">&#8211; Assyrische Gemeenschap \u2013 Mechelen<o:p><\/o:p><\/SPAN><\/P><br \/>\n<P class=MsoNormal style=\"MARGIN: 0cm 0cm 0pt\"><SPAN lang=NL style=\"mso-ansi-language: NL\"><SPAN style=\"mso-spacerun: yes\">&nbsp;&nbsp;&nbsp;&nbsp;&nbsp; <\/SPAN>&#8211; Ninive Kultureel sportief ontmoetingscentrum &#8211; Antwerpen<o:p><\/o:p><\/SPAN><\/P><br \/>\n<P class=MsoNormal style=\"MARGIN: 0cm 0cm 0pt\"><SPAN lang=NL style=\"mso-ansi-language: NL\"><o:p>&nbsp;<\/o:p><\/SPAN><\/P><br \/>\n<P class=MsoNormal style=\"MARGIN: 0cm 0cm 0pt\"><SPAN lang=NL style=\"mso-ansi-language: NL\"><o:p>&nbsp;<\/o:p><\/SPAN><\/P><br \/>\n<P class=MsoNormal style=\"MARGIN: 0cm 0cm 0pt\"><SPAN lang=NL style=\"mso-ansi-language: NL\"><o:p>&nbsp;<\/o:p><\/SPAN><\/P><br \/>\n<P class=MsoNormal style=\"MARGIN: 0cm 0cm 0pt\"><SPAN lang=EN-GB style=\"mso-ansi-language: EN-GB\">Cc:<SPAN style=\"mso-spacerun: yes\">&nbsp; <\/SPAN>Leaders and Presidents of political groups in the European Parliament<SPAN style=\"mso-spacerun: yes\">&nbsp;&nbsp;&nbsp;&nbsp;&nbsp; <\/SPAN><o:p><\/o:p><\/SPAN><\/P><br \/>\n<P class=MsoNormal style=\"MARGIN: 0cm 0cm 0pt\"><SPAN lang=EN-GB style=\"mso-ansi-language: EN-GB\"><o:p>&nbsp;<\/o:p><\/SPAN><\/P><br \/>\n<P class=MsoNormal style=\"MARGIN: 0cm 0cm 0pt\"><SPAN lang=EN-GB style=\"mso-ansi-language: EN-GB\"><o:p>&nbsp;<\/o:p><\/SPAN><\/P><br \/>\n<P class=MsoNormal style=\"MARGIN: 0cm 0cm 0pt\"><SPAN lang=EN-GB style=\"mso-ansi-language: EN-GB\"><o:p>&nbsp;<\/P><br \/>\n<P class=MsoNormal style=\"MARGIN: 0cm 0cm 0pt\" align=center><SPAN lang=EN-GB style=\"mso-ansi-language: EN-GB\"><o:p><STRONG>See Picture: <\/STRONG><A href=\"http:\/\/www.ado-world.com\/en\/gallery\/manif.14-02-2005\/bruss8.jpg\"><STRONG>http:\/\/www.ado-world.com\/en\/gallery\/manif.14-02-2005\/bruss8.jpg<\/STRONG><\/A><\/o:p><\/SPAN><\/P><br \/>\n<P class=MsoNormal style=\"MARGIN: 0cm 0cm 0pt\" align=center><SPAN lang=EN-GB style=\"mso-ansi-language: EN-GB\"><o:p><\/o:p><\/SPAN>&nbsp;<\/P><br \/>\n<P class=MsoNormal style=\"MARGIN: 0cm 0cm 0pt\" align=center><SPAN lang=EN-GB style=\"mso-ansi-language: EN-GB\"><o:p><\/o:p><\/SPAN>&nbsp;<\/P><\/o:p><\/SPAN><\/p>\n","protected":false},"excerpt":{"rendered":"<p>Mr. Josep Borrell FONTELLES President of the European Parliament &nbsp; &nbsp; &nbsp; &nbsp; &nbsp; &nbsp; &nbsp; &nbsp; &nbsp; &nbsp;&nbsp;&nbsp;&nbsp;&nbsp;&nbsp;&nbsp;&nbsp;&nbsp;&nbsp;&nbsp;&nbsp;&nbsp;&nbsp;&nbsp;&nbsp;&nbsp;&nbsp;&nbsp;&nbsp;&nbsp;&nbsp;&nbsp;&nbsp;&nbsp;&nbsp;&nbsp;&nbsp;&nbsp;&nbsp;&nbsp;&nbsp;&nbsp;&nbsp;&nbsp;&nbsp;&nbsp;&nbsp;&nbsp;&nbsp;&nbsp;&nbsp;&nbsp;&nbsp;&nbsp;&nbsp;&nbsp;&nbsp;&nbsp;&nbsp;&nbsp;&nbsp;&nbsp;&nbsp;&nbsp;&nbsp;&nbsp;&nbsp;&nbsp;&nbsp;&nbsp;&nbsp;&nbsp;&nbsp;&nbsp;&nbsp;&nbsp;&nbsp;&nbsp;&nbsp;&nbsp;&nbsp;&nbsp;&nbsp;&nbsp;&nbsp;&nbsp;&nbsp;&nbsp;&nbsp;&nbsp;&nbsp;&nbsp;&nbsp;&nbsp;&nbsp;&nbsp;&nbsp;&nbsp;&nbsp;&nbsp;&nbsp;&nbsp;&nbsp;&nbsp;&nbsp;&nbsp;&nbsp;&nbsp;&nbsp;&nbsp;&nbsp;&nbsp;&nbsp; Brussels February 14, 2005 &nbsp; &nbsp; &nbsp; &nbsp; &nbsp; Dear Mr. Presidents, &nbsp; &nbsp; &nbsp; The ChaldoAssyrian Syriac Christian community throughout Europe (approximately 350,000 people originating from Turkey, Iraq, Syria and Iran) are demonstrating today against &hellip;<\/p>\n","protected":false},"author":1,"featured_media":0,"comment_status":"open","ping_status":"open","sticky":false,"template":"","format":"standard","meta":{"footnotes":""},"categories":[11],"tags":[],"class_list":["post-1152","post","type-post","status-publish","format-standard","","category-iraq"],"jetpack_featured_media_url":"","_links":{"self":[{"href":"https:\/\/ado-world.com\/en\/wp-json\/wp\/v2\/posts\/1152","targetHints":{"allow":["GET"]}}],"collection":[{"href":"https:\/\/ado-world.com\/en\/wp-json\/wp\/v2\/posts"}],"about":[{"href":"https:\/\/ado-world.com\/en\/wp-json\/wp\/v2\/types\/post"}],"author":[{"embeddable":true,"href":"https:\/\/ado-world.com\/en\/wp-json\/wp\/v2\/users\/1"}],"replies":[{"embeddable":true,"href":"https:\/\/ado-world.com\/en\/wp-json\/wp\/v2\/comments?post=1152"}],"version-history":[{"count":0,"href":"https:\/\/ado-world.com\/en\/wp-json\/wp\/v2\/posts\/1152\/revisions"}],"wp:attachment":[{"href":"https:\/\/ado-world.com\/en\/wp-json\/wp\/v2\/media?parent=1152"}],"wp:term":[{"taxonomy":"category","embeddable":true,"href":"https:\/\/ado-world.com\/en\/wp-json\/wp\/v2\/categories?post=1152"},{"taxonomy":"post_tag","embeddable":true,"href":"https:\/\/ado-world.com\/en\/wp-json\/wp\/v2\/tags?post=1152"}],"curies":[{"name":"wp","href":"https:\/\/api.w.org\/{rel}","templated":true}]}}