{"id":1132,"date":"2005-02-05T02:46:26","date_gmt":"2005-02-05T02:46:26","guid":{"rendered":""},"modified":"2010-10-01T20:26:50","modified_gmt":"2010-10-01T20:26:50","slug":"les-chretiens-dirak-prient-pour-la-guerison-du-pape","status":"publish","type":"post","link":"https:\/\/ado-world.com\/en\/les-chretiens-dirak-prient-pour-la-guerison-du-pape\/","title":{"rendered":"Les chr\u00e9tiens d&#8217;Irak prient pour la gu\u00e9rison du pape"},"content":{"rendered":"<p><P>&#8220;Nous prions pour sa Saintet\u00e9, le pape, qui est \u00e0 l&#8217;h\u00f4pital&#8221;, dit l&#8217;\u00e9v\u00eaque Andraos Abouna, en s&#8217;adressant aux fid\u00e8les rassembl\u00e9s par cette matin\u00e9e pluvieuse dans l&#8217;\u00e9glise de l&#8217;Assomption du quartier Mansour dans l&#8217;ouest de Bagdad.<br \/>\n<P><br \/>\n<P>&#8220;Nous prions pour sa gu\u00e9rison, lui qui s&#8217;est sacrifi\u00e9 pour l&#8217;humanit\u00e9et qui a fait face \u00e0 tous les d\u00e9fis en chr\u00e9tien croyant&#8221;, ajoute l&#8217;adjoint du patriarche Emmanuel Delly, chef de l&#8217;Eglise chald\u00e9enne en Irak.<br \/>\n<P><br \/>\n<P>Selon Mgr Abouna, le patriarche Delly a demand\u00e9 \u00e0 toutes les \u00e9glises du pays de d\u00e9dier la messe de vendredi pour la gu\u00e9rison de Jean Paul II.<br \/>\n<P><br \/>\n<P>Les t\u00eates se penchent, les fid\u00e8les psalmodient les pri\u00e8res. Une centaine de chr\u00e9tiens se pressent sur les bancs en bois. Les femmes en noir ont les cheveux recouvert d&#8217;un voile de dentelle fine, les hommes ont le visage ferm\u00e9.<br \/>\n<P><br \/>\n<P>Ils sont venus pour prier pour le pape, hospitalis\u00e9 \u00e0 Rome depuis mardi, mais aussi pour le repos de l&#8217;\u00e2me de leurs morts.<br \/>\n<P><br \/>\n<P>&#8220;Le pape est alit\u00e9. Nous prions pour lui, comme pour le repos de nos d\u00e9funts&#8221;, poursuit le pr\u00eatre, drap\u00e9 dans sa cape violette, la voix recouverte par les pleurs d&#8217;une femme dans l&#8217;assistance.<br \/>\n<P><br \/>\n<P>&#8220;Je souhaite au pape une gu\u00e9rison rapide et la sant\u00e9 pour qu&#8217;il guide le peuple chr\u00e9tien vers la paix&#8221;, dit Adnane Yaacoub, qui assiste \u00e0 la messe avec son \u00e9pouse et ses filles.<br \/>\n<P><br \/>\n<P>&#8220;Du temps de Saddam Hussein, il a voulu visiter l&#8217;Irak mais la situation ne le lui avait pas permis. Nous souhaitons qu&#8217;il se remette vite pour venir et nous procurer la joie de le voir&#8221;, ajoute ce sexag\u00e9naire.<br \/>\n<P><br \/>\n<P>Fin 1999, Jean Paul II avait voulu visiter la ville chald\u00e9enne d&#8217;Ur (sud de l&#8217;Irak), qui est selon la tradition l&#8217;endroit o\u00f9 Dieu parla pour la premi\u00e8re fois \u00e0 Abraham. Mais Washington et Londres s&#8217;\u00e9taient oppos\u00e9s \u00e0 son projet de crainte que la visite ne serve qu&#8217;\u00e0 renforcer le r\u00e9gime de Saddam Hussein.<br \/>\n<P><br \/>\n<P>La question de la s\u00e9curit\u00e9 avait \u00e9galement \u00e9t\u00e9 soulev\u00e9e, Ur se trouvant \u00e0 l&#8217;\u00e9poque dans la zone d&#8217;exclusion a\u00e9rienne, instaur\u00e9e en 1992 par les Alli\u00e9s occidentaux.<br \/>\n<P><br \/>\n<P>Repr\u00e9sentant environ 3% d&#8217;une population de 27 millions d&#8217;Irakiens, la communaut\u00e9 chr\u00e9tienne se divise en deux grands courants: les Chald\u00e9ens (catholiques) majoritaires et les Assyriens (nestoriens). Elle est pr\u00e9sente \u00e0 Bagdad, dans la r\u00e9gion de Mossoul (nord), au Kurdistan et un peu \u00e0 Bassorah (sud).<br \/>\n<P><br \/>\n<P>&#8220;Hier, nous avons su que cette messe serait sp\u00e9ciale pour le pape. Comme il a toujours pri\u00e9 pour nous, nous sommes venus prier pour lui&#8221;, dit Hanaa Yaacoub.<br \/>\n<P><br \/>\n<P>L&#8217;Irak revient constamment dans les appels de Jean Paul II \u00e0 \u00e9teindre les foyers de tension dans le monde.<br \/>\n<P><br \/>\n<P>&#8220;Le pape est le seul parmi les dirigeants du monde \u00e0 avoir soutenu le peuple irakien contre la guerre (l&#8217;invasion du pays en mars 2003) et contre l&#8217;embargo&#8221;, impos\u00e9 pendant 13 ans par la communaut\u00e9 internationale \u00e0 l&#8217;Irak de Saddam Hussein, affirme Mgr Abouna.<br \/>\n<P><br \/>\n<P>&#8220;Malgr\u00e9 toutes les pressions auxquelles il a \u00e9t\u00e9 soumis, il est rest\u00e9 ferme dans son soutien aux Irakiens&#8221;, ajoute le dignitaire religieux.<br \/>\n<P><br \/>\n<P>Le cardinal secr\u00e9taire d&#8217;Etat du Vatican, Mgr Angelo Sodano, a salu\u00e9 dimanche la tenue des \u00e9lections en Irak comme un &#8220;signe de la maturit\u00e9 de ce peuple&#8221; et \u00e9mis le souhait que &#8220;ce scrutin puisse signifier un avenir de paix&#8221;.<br \/>\n<P><br \/>\n<P>Plusieurs listes irakiennes se sont pr\u00e9sent\u00e9es \u00e0 ce premier scrutin multipartite depuis 50 ans.<br \/>\n<P><br \/>\n<P>&nbsp;<STRONG>G<\/STRONG><\/P><\/p>\n","protected":false},"excerpt":{"rendered":"<p>&#8220;Nous prions pour sa Saintet\u00e9, le pape, qui est \u00e0 l&#8217;h\u00f4pital&#8221;, dit l&#8217;\u00e9v\u00eaque Andraos Abouna, en s&#8217;adressant aux fid\u00e8les rassembl\u00e9s par cette matin\u00e9e pluvieuse dans l&#8217;\u00e9glise de l&#8217;Assomption du quartier Mansour dans l&#8217;ouest de Bagdad. &#8220;Nous prions pour sa gu\u00e9rison, lui qui s&#8217;est sacrifi\u00e9 pour l&#8217;humanit\u00e9et qui a fait face \u00e0 tous les d\u00e9fis en &hellip;<\/p>\n","protected":false},"author":1,"featured_media":0,"comment_status":"open","ping_status":"open","sticky":false,"template":"","format":"standard","meta":{"footnotes":""},"categories":[11],"tags":[],"class_list":["post-1132","post","type-post","status-publish","format-standard","","category-iraq"],"jetpack_featured_media_url":"","_links":{"self":[{"href":"https:\/\/ado-world.com\/en\/wp-json\/wp\/v2\/posts\/1132","targetHints":{"allow":["GET"]}}],"collection":[{"href":"https:\/\/ado-world.com\/en\/wp-json\/wp\/v2\/posts"}],"about":[{"href":"https:\/\/ado-world.com\/en\/wp-json\/wp\/v2\/types\/post"}],"author":[{"embeddable":true,"href":"https:\/\/ado-world.com\/en\/wp-json\/wp\/v2\/users\/1"}],"replies":[{"embeddable":true,"href":"https:\/\/ado-world.com\/en\/wp-json\/wp\/v2\/comments?post=1132"}],"version-history":[{"count":0,"href":"https:\/\/ado-world.com\/en\/wp-json\/wp\/v2\/posts\/1132\/revisions"}],"wp:attachment":[{"href":"https:\/\/ado-world.com\/en\/wp-json\/wp\/v2\/media?parent=1132"}],"wp:term":[{"taxonomy":"category","embeddable":true,"href":"https:\/\/ado-world.com\/en\/wp-json\/wp\/v2\/categories?post=1132"},{"taxonomy":"post_tag","embeddable":true,"href":"https:\/\/ado-world.com\/en\/wp-json\/wp\/v2\/tags?post=1132"}],"curies":[{"name":"wp","href":"https:\/\/api.w.org\/{rel}","templated":true}]}}