{"id":1127,"date":"2005-02-02T20:21:02","date_gmt":"2005-02-02T20:21:02","guid":{"rendered":""},"modified":"2010-10-01T20:26:50","modified_gmt":"2010-10-01T20:26:50","slug":"valfusk-i-irak","status":"publish","type":"post","link":"https:\/\/ado-world.com\/en\/valfusk-i-irak\/","title":{"rendered":"VALFUSK I IRAK!"},"content":{"rendered":"<p><P class=MsoNormal style=\"MARGIN: 0cm 0cm 0pt\"><B><SPAN lang=SV style=\"FONT-SIZE: 16pt; mso-bidi-font-size: 12.0pt\">VALFUSK I IRAK!<BR><\/SPAN><\/B><SPAN lang=SV><BR><BR>Hundratusentals i Irak hindrades fr\u00e5n att r\u00f6sta. De kristna assyrier\/kald\u00e9er\/syrianer, i staden Mosul med omnejd, kunde aldrig utnyttja sin r\u00f6str\u00e4tt i det historiska valet i Irak.<BR><BR>Vid s\u00f6ndagens val fattades valurnor och r\u00f6stsedlar p\u00e5 de platser d\u00e4r majoriteten av befolkningen \u00e4r assyrier\/syrianer\/kald\u00e9er. I vissa av dessa st\u00e4der d\u00f6k inte ens valtj\u00e4nstem\u00e4nnen upp. Trots att dessa st\u00e4der r\u00e4knas till de s\u00e4kra och trygga uppstod valfusket.<BR><BR>I m\u00e5ndags demonstrerade kristna assyrier i st\u00e4derna Baghdeda, Bartilla, Karamlesh, Shekhan, Ain Sifne, och Bahzan, &#8211; de kr\u00e4vde att f\u00e5 anv\u00e4nda sin r\u00f6str\u00e4tt. Assyriska\/kaldeiska\/syrianska partier i Irak har kr\u00e4vt att f\u00e5 f\u00f6rl\u00e4nga valtiden och ge de som inte fick r\u00f6sta en chans att f\u00e5 sin r\u00f6st r\u00e4knad, men detta har misslyckats. D\u00e4rmed \u00e4r valet ogiltigt!<BR><BR>Assyrier\/kald\u00e9er\/syrianer \u00e4r i majoritet i de omr\u00e5den man har stoppat valen. De krafter som har stoppat r\u00f6stber\u00e4ttigade assyrier fr\u00e5n att delta i det irakiska demokratiska valet har f\u00f6r avsikt att f\u00f6rvanska assyriernas antal och d\u00e4rmed utesluta folket fr\u00e5n ett framtida demokratiskt uppbyggt parlament. N\u00e4r inte assyriska representanter f\u00e5r tillr\u00e4ckligt med r\u00f6ster kan de heller inte representera sitt folk. Assyrier\/kald\u00e9er\/syrianer kommer d\u00e5 att uteslutas \u00e4ven i konstitutionen och d\u00e4rmed f\u00f6rbli utan r\u00e4ttigheter.<BR><BR>De som medvetet har stoppat assyrier fr\u00e5n att r\u00f6sta har som m\u00e5l att f\u00f6rvanska historien och motarbetar d\u00e4rmed den demokratiska utvecklingen i Irak.<BR><BR>Vi, undertecknande s\u00e5g fram emot detta historiska val d\u00e4r alla irakier skulle f\u00e5 delta i f\u00f6rsta steget till ett demokratiskt uppbyggt Irak. Med tanke p\u00e5 valfusket kr\u00e4ver vi att de ansvariga instanserna; den oberoende valkommissionen i Irak under ledning av FN och den nuvarande irakiska regeringen, vidtar omedelbara \u00e5tg\u00e4rder f\u00f6r att Alla irakier ska f\u00e5 ut\u00f6va sina demokratiska och legitima r\u00e4ttigheter i valet.<BR><BR>Vi kr\u00e4ver ocks\u00e5 att valfusket omedelbart utreds. Att en internationell oberoende utredning tills\u00e4tts. Att de ansvariga sedan st\u00e4lls till svars.<BR><BR>Vi uppmanar alla irakiska och internationella m\u00e4nniskor\u00e4ttsorganisationer att visa solidaritet och st\u00f6dja v\u00e5rt folk i dess r\u00e4ttm\u00e4tiga krav.<BR><BR>Vi kr\u00e4ver att den svenska regeringen agerar f\u00f6r att uppm\u00e4rksamma fr\u00e5gan om assyrier\/kald\u00e9er\/syrianernas representation i parlamentet i Irak.<\/SPAN><\/P><br \/>\n<P class=MsoNormal style=\"MARGIN: 0cm 0cm 0pt\"><SPAN lang=SV><?xml:namespace prefix = o ns = \"urn:schemas-microsoft-com:office:office\" \/><o:p>&nbsp;<\/o:p><\/SPAN><\/P><br \/>\n<P class=MsoNormal style=\"MARGIN: 0cm 0cm 0pt\"><B><SPAN lang=SV>Samordningskommitt\u00e9 f\u00f6r assyriska\/kald\u00e9eska\/syrianska organisationer i Sverige.<o:p><\/o:p><\/SPAN><\/B><\/P><br \/>\n<P class=MsoNormal style=\"MARGIN: 0cm 0cm 0pt\"><B><SPAN lang=SV><o:p>&nbsp;<\/o:p><\/SPAN><\/B><\/P><br \/>\n<P class=MsoNormal style=\"MARGIN: 0cm 0cm 0pt\"><B><SPAN lang=SV>Kontaktpersoner:<o:p><\/o:p><\/SPAN><\/B><\/P><br \/>\n<P class=MsoNormal style=\"MARGIN: 0cm 0cm 0pt\"><B><SPAN lang=SV><o:p>&nbsp;<\/o:p><\/SPAN><\/B><\/P><br \/>\n<P class=MsoNormal style=\"MARGIN: 0cm 0cm 0pt\"><B><SPAN lang=EN-GB style=\"mso-ansi-language: EN-GB\">Sait Yildiz,<SPAN style=\"mso-tab-count: 1\">&nbsp;&nbsp;&nbsp;&nbsp;&nbsp; <\/SPAN>tel: 0709 96 49 28<o:p><\/o:p><\/SPAN><\/B><\/P><br \/>\n<P class=MsoNormal style=\"MARGIN: 0cm 0cm 0pt\"><B><SPAN lang=SV>Sami Malih,<SPAN style=\"mso-tab-count: 1\">&nbsp;&nbsp; <\/SPAN>tel: 073 576 2775<o:p><\/o:p><\/SPAN><\/B><\/P><\/p>\n","protected":false},"excerpt":{"rendered":"<p>VALFUSK I IRAK!Hundratusentals i Irak hindrades fr\u00e5n att r\u00f6sta. De kristna assyrier\/kald\u00e9er\/syrianer, i staden Mosul med omnejd, kunde aldrig utnyttja sin r\u00f6str\u00e4tt i det historiska valet i Irak.Vid s\u00f6ndagens val fattades valurnor och r\u00f6stsedlar p\u00e5 de platser d\u00e4r majoriteten av befolkningen \u00e4r assyrier\/syrianer\/kald\u00e9er. I vissa av dessa st\u00e4der d\u00f6k inte ens valtj\u00e4nstem\u00e4nnen upp. Trots att &hellip;<\/p>\n","protected":false},"author":1,"featured_media":0,"comment_status":"open","ping_status":"open","sticky":false,"template":"","format":"standard","meta":{"footnotes":""},"categories":[11],"tags":[],"class_list":["post-1127","post","type-post","status-publish","format-standard","","category-iraq"],"jetpack_featured_media_url":"","_links":{"self":[{"href":"https:\/\/ado-world.com\/en\/wp-json\/wp\/v2\/posts\/1127","targetHints":{"allow":["GET"]}}],"collection":[{"href":"https:\/\/ado-world.com\/en\/wp-json\/wp\/v2\/posts"}],"about":[{"href":"https:\/\/ado-world.com\/en\/wp-json\/wp\/v2\/types\/post"}],"author":[{"embeddable":true,"href":"https:\/\/ado-world.com\/en\/wp-json\/wp\/v2\/users\/1"}],"replies":[{"embeddable":true,"href":"https:\/\/ado-world.com\/en\/wp-json\/wp\/v2\/comments?post=1127"}],"version-history":[{"count":0,"href":"https:\/\/ado-world.com\/en\/wp-json\/wp\/v2\/posts\/1127\/revisions"}],"wp:attachment":[{"href":"https:\/\/ado-world.com\/en\/wp-json\/wp\/v2\/media?parent=1127"}],"wp:term":[{"taxonomy":"category","embeddable":true,"href":"https:\/\/ado-world.com\/en\/wp-json\/wp\/v2\/categories?post=1127"},{"taxonomy":"post_tag","embeddable":true,"href":"https:\/\/ado-world.com\/en\/wp-json\/wp\/v2\/tags?post=1127"}],"curies":[{"name":"wp","href":"https:\/\/api.w.org\/{rel}","templated":true}]}}