{"id":1000,"date":"2003-01-22T10:31:39","date_gmt":"2003-01-22T10:31:39","guid":{"rendered":""},"modified":"2010-10-01T20:26:50","modified_gmt":"2010-10-01T20:26:50","slug":"friedensbewegung-bereitet-bundesweite-grosdemonstration-in-berlin-vor-d","status":"publish","type":"post","link":"https:\/\/ado-world.com\/en\/friedensbewegung-bereitet-bundesweite-grosdemonstration-in-berlin-vor-d\/","title":{"rendered":"Friedensbewegung bereitet bundesweite Gro\u00dfdemonstration in Berlin vor (D)"},"content":{"rendered":"<p>Am Wochenende trafen sich in Berlin etwa 50 Vertreterinnen und Vertreter bundesweiter Friedensorganisationen, um die bereits zuvor beschlossene Gro\u00dfdemonstratioin gegen den Irak-Krieg am 15. Februar vorzubereiten.<\/p>\n<p>Die Teilnehmer\/innen waren sich darin einig, dass die Chancen auf eine breite Mobilisierung gegen den Krieg g\u00fcnstig sind. Die Stimmung im Land ist eindeutig gegen den Krieg, jetzt k\u00e4me es darauf an, diese Stimmung auch in Bewegung auf der Stra\u00dfe umzusetzen, um den Druck auf die Politik zu erh\u00f6hen. Allein durch eine internationale Massenbewegung k\u00f6nnten der Aufmarsch am Golf noch gestoppt und der dritte Golfkrieg verhindert werden. <\/p>\n<p>Die Demonstration in Berlin steht im Rahmen eines vom Europ\u00e4ischen Sozialforum in Florenz beschlossenen europaweiten Aktionstages gegen den Krieg. In Rom, London, Paris, Br\u00fcssel, Amsterdam, Wien, Bern und anderen Hauptst\u00e4dten werden am 15. Februar Millionen Menschen auf die Stra\u00dfe gehen. <\/p>\n<p>Die Friedensaktivisten haben eine Reihe von Verabredungen getroffen, um den Protest am 15. Februar zu einem un\u00fcbersehbaren Zeichen der Friedensbereitschaft der Bev\u00f6lkerung zu machen. <\/p>\n<p>So wurde beschlossen, um 12 Uhr zwei Auftaktkundgebungen am Bahnhof Zoo und am Alexanderplatz durchzuf\u00fchren und die Abschlusskundgebung von 14 bis 16 Uhr entweder vor dem Reichstagsgeb\u00e4ude oder westlich des Brandenburger Tors abzuhalten. <\/p>\n<p>Die Organisatoren bem\u00fchen sich um ein attraktives Kundgebungsprogramm, das Vertreter gro\u00dfer gesellschaftlicher Gruppen bzw. Bewegungen (Kirchen, Gewerkschaften, Globalisierungskritik) sowie beliebte Schauspieler, Musiker, Schriftsteller und Kabarettisten einbeziehen soll. <\/p>\n<p>In dem in Berlin gegr\u00fcndeten Tr\u00e4gerkreis des &#8220;Aktionsb\u00fcndnisses 15. Februar&#8221; arbeiten Organisationen aus verschiedenen Bereichen der Friedensbewegung, der Gewerkschaften und der globalisierungskritischen Bewegung mit. Zu den Erstunterzeichnern des gemeinsamen Aufrufs (siehe Anlage) geh\u00f6ren Organisationen wie die IPPNW, Pax Christi, Attac, der Bundesausschuss Friedensratschlag, der Bund f\u00fcr Soziale Verteidigung, die Deutsche Friedensgesellschaft (DFG-VK), die Vereinigung der Verfolgten des Naziregimes, die Gesellschaft f\u00fcr B\u00fcrger- und Menschenrechte, der Bund demokratischer Wissenschaftler, das Gewerkschaftliche Netzwerk gegen den Krieg, der Deutsche Friedensrat, das Netzwerk Friedenskooperative, die Friedenskoordination Berlin u.a.<\/p>\n<p>Die Friedensbewegung auf regionaler und lokaler Ebene, gewerkschaftliche Gremien, Parteigliederungen und andere demokratische Gruppierungen werden aufgefordert, die Demonstration in Berlin zu unterst\u00fctzen und vor Ort f\u00fcr eine breite Teilnahme zu werben. Auch Teilnehmerinnen und Teilnehmer aus den Nachbarl\u00e4ndern Deutschlands sind ausdr\u00fccklich willkommen, ebenso wie deutsche G\u00e4ste an den Aktionen in anderen Hauptst\u00e4dten teilnehmen werden, um die grenz\u00fcberschreitende Verbundenheit der Antikriegsbewegung zu dokumentieren. <\/p>\n<p>Jeweils aktuelle Informationen \u00fcber den Stand der Vorbereitung bietet die Homepage des &#8220;Aktionsb\u00fcndnisses 15. Februar&#8221;: www.15februar.de. <br \/>\nAls Ansprechpartner\/innen f\u00fcr die Medien stehen Ihnen ab sofort folgenden vier Personen zur Verf\u00fcgung: <\/p>\n<p>Kathrin Vogler, Tel. 0177-3129332; mailto:k_vogler@muenster.de Laura von Wimmersperg, Tel. 030\/7823382; mailto:Laurawimmersperg@t-online.de Jens-Peter Steffen, Tel. 030\/698074-0; mailto:Steffen@ippnw.de Peter Strutynski, Tel. 0561\/804-2314; mailto:strutype@uni-kassel.de <\/p>\n<p><font color=brown><B><br \/>\nF\u00fcr das &#8220;Aktionsb\u00fcndnis 15. Februar&#8221;:<br \/>\nKathrin Vogler<br \/>\nPeter Strutynski<br \/><\/font><\/B><\/p>\n","protected":false},"excerpt":{"rendered":"<p>Am Wochenende trafen sich in Berlin etwa 50 Vertreterinnen und Vertreter bundesweiter Friedensorganisationen, um die bereits zuvor beschlossene Gro\u00dfdemonstratioin gegen den Irak-Krieg am 15. Februar vorzubereiten. Die Teilnehmer\/innen waren sich darin einig, dass die Chancen auf eine breite Mobilisierung gegen den Krieg g\u00fcnstig sind. Die Stimmung im Land ist eindeutig gegen den Krieg, jetzt k\u00e4me &hellip;<\/p>\n","protected":false},"author":1,"featured_media":0,"comment_status":"open","ping_status":"open","sticky":false,"template":"","format":"standard","meta":{"footnotes":""},"categories":[11],"tags":[],"class_list":["post-1000","post","type-post","status-publish","format-standard","","category-iraq"],"jetpack_featured_media_url":"","_links":{"self":[{"href":"https:\/\/ado-world.com\/en\/wp-json\/wp\/v2\/posts\/1000","targetHints":{"allow":["GET"]}}],"collection":[{"href":"https:\/\/ado-world.com\/en\/wp-json\/wp\/v2\/posts"}],"about":[{"href":"https:\/\/ado-world.com\/en\/wp-json\/wp\/v2\/types\/post"}],"author":[{"embeddable":true,"href":"https:\/\/ado-world.com\/en\/wp-json\/wp\/v2\/users\/1"}],"replies":[{"embeddable":true,"href":"https:\/\/ado-world.com\/en\/wp-json\/wp\/v2\/comments?post=1000"}],"version-history":[{"count":0,"href":"https:\/\/ado-world.com\/en\/wp-json\/wp\/v2\/posts\/1000\/revisions"}],"wp:attachment":[{"href":"https:\/\/ado-world.com\/en\/wp-json\/wp\/v2\/media?parent=1000"}],"wp:term":[{"taxonomy":"category","embeddable":true,"href":"https:\/\/ado-world.com\/en\/wp-json\/wp\/v2\/categories?post=1000"},{"taxonomy":"post_tag","embeddable":true,"href":"https:\/\/ado-world.com\/en\/wp-json\/wp\/v2\/tags?post=1000"}],"curies":[{"name":"wp","href":"https:\/\/api.w.org\/{rel}","templated":true}]}}